{"id":142790,"date":"2019-06-28T12:42:13","date_gmt":"2019-06-28T15:42:13","guid":{"rendered":"https:\/\/diarioregionaldigital.com.br\/?p=142790"},"modified":"2019-06-28T12:42:13","modified_gmt":"2019-06-28T15:42:13","slug":"guedes-fala-em-reducao-de-ate-50-no-preco-do-botijao-de-gas","status":"publish","type":"post","link":"https:\/\/diarioregionaldigital.com.br\/?p=142790","title":{"rendered":"Guedes fala em redu\u00e7\u00e3o de at\u00e9 50% no pre\u00e7o do botij\u00e3o de g\u00e1s"},"content":{"rendered":"<p>O ministro da Economia, Paulo Guedes, afirmou hoje (27) que o pre\u00e7o do botij\u00e3o de g\u00e1s pode cair at\u00e9 50% com a abertura do mercado do setor no pa\u00eds, por causa da maior competi\u00e7\u00e3o entre empresas. Na \u00faltima segunda-feira (24), o Conselho Nacional de Pol\u00edtica Energ\u00e9tica (CNPE)\u00a0aprovou resolu\u00e7\u00e3o\u00a0com diretrizes para dar in\u00edcio \u00e0 abertura do mercado de g\u00e1s no Brasil.<\/p>\n<p>Atualmente, a Petrobr\u00e1s det\u00e9m o controle tanto da produ\u00e7\u00e3o como da distribui\u00e7\u00e3o do g\u00e1s no pa\u00eds. Apesar deste monop\u00f3lio estatal j\u00e1 ter sido quebrado na legisla\u00e7\u00e3o em 1997, a abertura para novas empresas n\u00e3o havia sido concretizada at\u00e9 agora.<\/p>\n<p>&#8220;Estamos dando um choque da energia barata, quebrando um duplo monop\u00f3lio, tanto na extra\u00e7\u00e3o e refino quanto na distribui\u00e7\u00e3o do g\u00e1s. Vamos reindustrializar o pa\u00eds em cima de energia barata. Essa maior competi\u00e7\u00e3o em petr\u00f3leo e g\u00e1s, acelera\u00e7\u00e3o do ritmo de extra\u00e7\u00e3o desses recursos naturais v\u00e3o acabar chegando no botij\u00e3o de g\u00e1s da fam\u00edlia, diminuindo em 30%, 40%, at\u00e9 50% o custo do g\u00e1s l\u00e1 no final da linha&#8221;, disse Guedes ap\u00f3s se reunir com o presidente do Senado, Davi Alcolumbre.<\/p>\n<p>O ministro tamb\u00e9m comentou sobre outras iniciativas em curso para abertura da economia. &#8220;Tem uma agenda grande pela frente, estamos abrindo a economia. Estamos a semanas, possivelmente, de fechar um acordo que est\u00e1 h\u00e1 duas d\u00e9cadas parado, que \u00e9 o acordo [do Mercosul] com a Uni\u00e3o Europeia. Estamos recomendados para entrar na OCDE [Organiza\u00e7\u00e3o para a Coopera\u00e7\u00e3o e Desenvolvimento Econ\u00f4mico]. Vamos fazer a simplifica\u00e7\u00e3o e redu\u00e7\u00e3o dos impostos&#8221;, disse.<\/p>\n<p>Fonte: Ag\u00eancia Brasil<\/p>\n","protected":false},"excerpt":{"rendered":"<p>O ministro da Economia, Paulo Guedes, afirmou hoje (27) que o pre\u00e7o do botij\u00e3o de g\u00e1s pode cair at\u00e9 50% com a abertura do mercado do setor no pa\u00eds, por causa da maior competi\u00e7\u00e3o entre empresas. Na \u00faltima segunda-feira (24), o Conselho Nacional de Pol\u00edtica Energ\u00e9tica (CNPE)\u00a0aprovou resolu\u00e7\u00e3o\u00a0com diretrizes para dar in\u00edcio \u00e0 abertura do [&hellip;]<\/p>\n","protected":false},"author":96,"featured_media":142791,"comment_status":"closed","ping_status":"closed","sticky":false,"template":"","format":"standard","meta":{"footnotes":""},"categories":[436,261,439],"tags":[],"class_list":["post-142790","post","type-post","status-publish","format-standard","has-post-thumbnail","hentry","category-destaque-da-semana","category-economia","category-ultima-hora"],"_links":{"self":[{"href":"https:\/\/diarioregionaldigital.com.br\/index.php?rest_route=\/wp\/v2\/posts\/142790","targetHints":{"allow":["GET"]}}],"collection":[{"href":"https:\/\/diarioregionaldigital.com.br\/index.php?rest_route=\/wp\/v2\/posts"}],"about":[{"href":"https:\/\/diarioregionaldigital.com.br\/index.php?rest_route=\/wp\/v2\/types\/post"}],"author":[{"embeddable":true,"href":"https:\/\/diarioregionaldigital.com.br\/index.php?rest_route=\/wp\/v2\/users\/96"}],"replies":[{"embeddable":true,"href":"https:\/\/diarioregionaldigital.com.br\/index.php?rest_route=%2Fwp%2Fv2%2Fcomments&post=142790"}],"version-history":[{"count":0,"href":"https:\/\/diarioregionaldigital.com.br\/index.php?rest_route=\/wp\/v2\/posts\/142790\/revisions"}],"wp:featuredmedia":[{"embeddable":true,"href":"https:\/\/diarioregionaldigital.com.br\/index.php?rest_route=\/wp\/v2\/media\/142791"}],"wp:attachment":[{"href":"https:\/\/diarioregionaldigital.com.br\/index.php?rest_route=%2Fwp%2Fv2%2Fmedia&parent=142790"}],"wp:term":[{"taxonomy":"category","embeddable":true,"href":"https:\/\/diarioregionaldigital.com.br\/index.php?rest_route=%2Fwp%2Fv2%2Fcategories&post=142790"},{"taxonomy":"post_tag","embeddable":true,"href":"https:\/\/diarioregionaldigital.com.br\/index.php?rest_route=%2Fwp%2Fv2%2Ftags&post=142790"}],"curies":[{"name":"wp","href":"https:\/\/api.w.org\/{rel}","templated":true}]}}