{"id":142784,"date":"2019-06-28T12:33:38","date_gmt":"2019-06-28T15:33:38","guid":{"rendered":"https:\/\/diarioregionaldigital.com.br\/?p=142784"},"modified":"2019-06-28T12:33:38","modified_gmt":"2019-06-28T15:33:38","slug":"desemprego-cai-de-124-para-123-no-trimestre-encerrado-em-maio","status":"publish","type":"post","link":"https:\/\/diarioregionaldigital.com.br\/?p=142784","title":{"rendered":"Desemprego cai de 12,4% para 12,3% no trimestre encerrado em maio"},"content":{"rendered":"<p>A taxa de desemprego no pa\u00eds ficou em 12,3% no trimestre encerrado em maio, segundo dados da Pesquisa Nacional por Amostra de Domic\u00edlio (Pnad), divulgada hoje (28), no Rio de Janeiro, pelo Instituto Nacional de Geografia e Estat\u00edstica (IBGE).<\/p>\n<p>A taxa \u00e9 menor que a registrada no trimestre encerrado em fevereiro deste ano (12,4%). No trimestre fechado em maio de 2018 ela foi de 12,7%.<\/p>\n<p>Segundo o IBGE, a popula\u00e7\u00e3o desocupada ficou em 13 milh\u00f5es de pessoas, estatisticamente est\u00e1vel tanto frente ao trimestre anterior como em rela\u00e7\u00e3o a igual per\u00edodo de 2018.<\/p>\n<p>J\u00e1 a popula\u00e7\u00e3o ocupada (92,9 milh\u00f5es de pessoas) cresceu em ambas as compara\u00e7\u00f5es: 1,2% (mais 1,07 milh\u00f5es de pessoas) em rela\u00e7\u00e3o ao trimestre anterior e 2,6% (mais 2,36 milh\u00f5es de pessoas) na compara\u00e7\u00e3o como o mesmo per\u00edodo de 2018.<\/p>\n<p>Fonte: Ag\u00eancia Brasil<\/p>\n","protected":false},"excerpt":{"rendered":"<p>A taxa de desemprego no pa\u00eds ficou em 12,3% no trimestre encerrado em maio, segundo dados da Pesquisa Nacional por Amostra de Domic\u00edlio (Pnad), divulgada hoje (28), no Rio de Janeiro, pelo Instituto Nacional de Geografia e Estat\u00edstica (IBGE). A taxa \u00e9 menor que a registrada no trimestre encerrado em fevereiro deste ano (12,4%). No [&hellip;]<\/p>\n","protected":false},"author":96,"featured_media":142785,"comment_status":"closed","ping_status":"closed","sticky":false,"template":"","format":"standard","meta":{"footnotes":""},"categories":[436,261,439],"tags":[],"class_list":["post-142784","post","type-post","status-publish","format-standard","has-post-thumbnail","hentry","category-destaque-da-semana","category-economia","category-ultima-hora"],"_links":{"self":[{"href":"https:\/\/diarioregionaldigital.com.br\/index.php?rest_route=\/wp\/v2\/posts\/142784","targetHints":{"allow":["GET"]}}],"collection":[{"href":"https:\/\/diarioregionaldigital.com.br\/index.php?rest_route=\/wp\/v2\/posts"}],"about":[{"href":"https:\/\/diarioregionaldigital.com.br\/index.php?rest_route=\/wp\/v2\/types\/post"}],"author":[{"embeddable":true,"href":"https:\/\/diarioregionaldigital.com.br\/index.php?rest_route=\/wp\/v2\/users\/96"}],"replies":[{"embeddable":true,"href":"https:\/\/diarioregionaldigital.com.br\/index.php?rest_route=%2Fwp%2Fv2%2Fcomments&post=142784"}],"version-history":[{"count":0,"href":"https:\/\/diarioregionaldigital.com.br\/index.php?rest_route=\/wp\/v2\/posts\/142784\/revisions"}],"wp:featuredmedia":[{"embeddable":true,"href":"https:\/\/diarioregionaldigital.com.br\/index.php?rest_route=\/wp\/v2\/media\/142785"}],"wp:attachment":[{"href":"https:\/\/diarioregionaldigital.com.br\/index.php?rest_route=%2Fwp%2Fv2%2Fmedia&parent=142784"}],"wp:term":[{"taxonomy":"category","embeddable":true,"href":"https:\/\/diarioregionaldigital.com.br\/index.php?rest_route=%2Fwp%2Fv2%2Fcategories&post=142784"},{"taxonomy":"post_tag","embeddable":true,"href":"https:\/\/diarioregionaldigital.com.br\/index.php?rest_route=%2Fwp%2Fv2%2Ftags&post=142784"}],"curies":[{"name":"wp","href":"https:\/\/api.w.org\/{rel}","templated":true}]}}