{"id":142750,"date":"2019-06-30T06:00:13","date_gmt":"2019-06-30T09:00:13","guid":{"rendered":"https:\/\/diarioregionaldigital.com.br\/?p=142750"},"modified":"2019-06-27T19:45:52","modified_gmt":"2019-06-27T22:45:52","slug":"vigilancia-epidemiologica-de-jf-apresenta-projeto-no-encontro-nacional","status":"publish","type":"post","link":"https:\/\/diarioregionaldigital.com.br\/?p=142750","title":{"rendered":"Vigil\u00e2ncia Epidemiol\u00f3gica de JF apresenta projeto no Encontro Nacional"},"content":{"rendered":"<p>Entre 2 e 5 de julho, em Bras\u00edlia, acontece o 35\u00ba Congresso Nacional de Secretarias Municipais de Sa\u00fade, cujo tema ser\u00e1 \u201cDi\u00e1logos no Cotidiano da Gest\u00e3o Municipal do SUS\u201d. Paralelo ao congresso, acontece o 1\u00ba Encontro Nacional do projeto &#8220;Aedes na Mira\u201d. Juiz de Fora estar\u00e1 representada no evento por meio da gerente do Departamento de Vigil\u00e2ncia Epidemiol\u00f3gica e Ambiental (Dvea), Cec\u00edlia Kosmann, que vai apresentar o projeto de sua autoria intitulado \u201cUnidades sentinelas para a vigil\u00e2ncia das arboviroses\u201d, implementado em Juiz de Fora em 2018.<\/p>\n<p>O objetivo deste encontro \u00e9 promover um di\u00e1logo qualificado sobre as experi\u00eancias dos munic\u00edpios no combate ao Aedes, fruto de um curso de capacita\u00e7\u00e3o de combate \u00e0 dengue, promovido pelo Conselho Nacional de Secretarias Municipais de Sa\u00fade (Conasems) e pelo Minist\u00e9rio da Sa\u00fade, de fevereiro a abril deste ano. Diversos munic\u00edpios brasileiros que apresentavam prioridade na luta contra o Aedes aegypti foram convidados, inclusive Juiz de Fora, que teve seu projeto eleito como um dos melhores.<\/p>\n<p>&nbsp;<\/p>\n<p><strong>O projeto<\/strong><\/p>\n<p>Cec\u00edlia destaca que os aspectos significativos do projeto s\u00e3o a f\u00e1cil implementa\u00e7\u00e3o em qualquer cidade, o custo zero e a efetividade no combate \u00e0 dengue. Atrav\u00e9s da sele\u00e7\u00e3o de unidades de sa\u00fade sentinelas na cidade, \u00e9 feito um acompanhamento mais intenso dos casos de arboviroses. Os supervisores do Programa Municipal de Combate \u00e0 Dengue v\u00e3o at\u00e9 essas unidades tr\u00eas vezes por semana, para recolher as notifica\u00e7\u00f5es.<\/p>\n<p>Essa busca ativa por parte dos agentes torna a comunica\u00e7\u00e3o mais r\u00e1pida. Antes estas notifica\u00e7\u00f5es eram informadas apenas uma vez por semana ao Departamento de Vigil\u00e2ncia Epidemiol\u00f3gica. Desta forma, hoje h\u00e1 maior agilidade nas notifica\u00e7\u00f5es, o que possibilita matar mais rapidamente as f\u00eameas do mosquito infectadas com o v\u00edrus da doen\u00e7a.<\/p>\n<p>Segundo a gerente do Dvea, o projeto contribui para um trabalho de combate mais r\u00e1pido e com maior sucesso. \u201cEsta a\u00e7\u00e3o tamb\u00e9m permite que a an\u00e1lise do bairro funcione como um term\u00f4metro di\u00e1rio. Quando o lugar apresenta maior n\u00famero de ocorr\u00eancias, nos mobilizamos para intensificar as a\u00e7\u00f5es de combate no local\u201d, destaca Cec\u00edlia.<\/p>\n<p>O Encontro vai contar com apresenta\u00e7\u00e3o de diversos projetos do Brasil todo, o que Cec\u00edlia avalia como positivo, pela grande troca de informa\u00e7\u00f5es, o que permite conhecimento de mais ferramentas de combate ao Aedes aegypti.<\/p>\n","protected":false},"excerpt":{"rendered":"<p>Entre 2 e 5 de julho, em Bras\u00edlia, acontece o 35\u00ba Congresso Nacional de Secretarias Municipais de Sa\u00fade, cujo tema ser\u00e1 \u201cDi\u00e1logos no Cotidiano da Gest\u00e3o Municipal do SUS\u201d. Paralelo ao congresso, acontece o 1\u00ba Encontro Nacional do projeto &#8220;Aedes na Mira\u201d. Juiz de Fora estar\u00e1 representada no evento por meio da gerente do Departamento [&hellip;]<\/p>\n","protected":false},"author":96,"featured_media":142754,"comment_status":"closed","ping_status":"closed","sticky":false,"template":"","format":"standard","meta":{"footnotes":""},"categories":[253,436,440,439],"tags":[],"class_list":["post-142750","post","type-post","status-publish","format-standard","has-post-thumbnail","hentry","category-cidade","category-destaque-da-semana","category-destaques-do-dia","category-ultima-hora"],"_links":{"self":[{"href":"https:\/\/diarioregionaldigital.com.br\/index.php?rest_route=\/wp\/v2\/posts\/142750","targetHints":{"allow":["GET"]}}],"collection":[{"href":"https:\/\/diarioregionaldigital.com.br\/index.php?rest_route=\/wp\/v2\/posts"}],"about":[{"href":"https:\/\/diarioregionaldigital.com.br\/index.php?rest_route=\/wp\/v2\/types\/post"}],"author":[{"embeddable":true,"href":"https:\/\/diarioregionaldigital.com.br\/index.php?rest_route=\/wp\/v2\/users\/96"}],"replies":[{"embeddable":true,"href":"https:\/\/diarioregionaldigital.com.br\/index.php?rest_route=%2Fwp%2Fv2%2Fcomments&post=142750"}],"version-history":[{"count":0,"href":"https:\/\/diarioregionaldigital.com.br\/index.php?rest_route=\/wp\/v2\/posts\/142750\/revisions"}],"wp:featuredmedia":[{"embeddable":true,"href":"https:\/\/diarioregionaldigital.com.br\/index.php?rest_route=\/wp\/v2\/media\/142754"}],"wp:attachment":[{"href":"https:\/\/diarioregionaldigital.com.br\/index.php?rest_route=%2Fwp%2Fv2%2Fmedia&parent=142750"}],"wp:term":[{"taxonomy":"category","embeddable":true,"href":"https:\/\/diarioregionaldigital.com.br\/index.php?rest_route=%2Fwp%2Fv2%2Fcategories&post=142750"},{"taxonomy":"post_tag","embeddable":true,"href":"https:\/\/diarioregionaldigital.com.br\/index.php?rest_route=%2Fwp%2Fv2%2Ftags&post=142750"}],"curies":[{"name":"wp","href":"https:\/\/api.w.org\/{rel}","templated":true}]}}