{"id":142749,"date":"2019-06-30T05:59:02","date_gmt":"2019-06-30T08:59:02","guid":{"rendered":"https:\/\/diarioregionaldigital.com.br\/?p=142749"},"modified":"2019-06-27T19:47:24","modified_gmt":"2019-06-27T22:47:24","slug":"cinco-audiencias-publicas-sao-agendadas-na-camara-para-o-mes-de-julho","status":"publish","type":"post","link":"https:\/\/diarioregionaldigital.com.br\/?p=142749","title":{"rendered":"Cinco audi\u00eancias p\u00fablicas s\u00e3o agendadas na C\u00e2mara para o m\u00eas de julho"},"content":{"rendered":"<p>Cinco audi\u00eancias p\u00fablicas foram agendadas para o 7\u00ba per\u00edodo legislativo de 2019 na C\u00e2mara Municipal de Juiz de Fora e est\u00e3o marcadas para os dias 2, 3, 4, 9 e 10 de julho.<\/p>\n<p>A primeira vai discutir a situa\u00e7\u00e3o dos eventuais problemas a respeito dos servi\u00e7os prestados na cidade pela CEMIG e sua privatiza\u00e7\u00e3o. A segunda ir\u00e1 debater as quest\u00f5es estruturais de acesso na Avenida Juiz de Fora e na Rua Paracat\u00fa como seguran\u00e7a, sinaliza\u00e7\u00e3o horizontal e vertical, mobilidade urbana, arboriza\u00e7\u00e3o e acessibilidade em geral.<\/p>\n<p>J\u00e1 na quarta audi\u00eancia p\u00fablica acontecer\u00e1 a apresenta\u00e7\u00e3o da Frente Parlamentar Mista de Combate e Enfrentamento da Dengue. Posteriormente, a pen\u00faltima audi\u00eancia vai discutir as condi\u00e7\u00f5es dos Museus, Bibliotecas, Centros Culturais, Teatros, Anfiteatros de Juiz de Fora.<\/p>\n<p>A quinta e \u00faltima audi\u00eancia p\u00fablica, que foi um pedido de todos os vereadores do Legislativo, vai debater a renova\u00e7\u00e3o do contrato de concess\u00e3o da Empresa MRS Log\u00edstica S\/A, a fim de prestarem esclarecimentos acerca da mat\u00e9ria em quest\u00e3o, colaborando na efetiva discuss\u00e3o em prol do Munic\u00edpio de Juiz de Fora.<\/p>\n<p>Todas as audi\u00eancias publicar tem in\u00edcio a partir das 15h, no plen\u00e1rio, aberto ao p\u00fablico.<\/p>\n","protected":false},"excerpt":{"rendered":"<p>Cinco audi\u00eancias p\u00fablicas foram agendadas para o 7\u00ba per\u00edodo legislativo de 2019 na C\u00e2mara Municipal de Juiz de Fora e est\u00e3o marcadas para os dias 2, 3, 4, 9 e 10 de julho. A primeira vai discutir a situa\u00e7\u00e3o dos eventuais problemas a respeito dos servi\u00e7os prestados na cidade pela CEMIG e sua privatiza\u00e7\u00e3o. A [&hellip;]<\/p>\n","protected":false},"author":96,"featured_media":142759,"comment_status":"closed","ping_status":"closed","sticky":false,"template":"","format":"standard","meta":{"footnotes":""},"categories":[253,436,440,439],"tags":[],"class_list":["post-142749","post","type-post","status-publish","format-standard","has-post-thumbnail","hentry","category-cidade","category-destaque-da-semana","category-destaques-do-dia","category-ultima-hora"],"_links":{"self":[{"href":"https:\/\/diarioregionaldigital.com.br\/index.php?rest_route=\/wp\/v2\/posts\/142749","targetHints":{"allow":["GET"]}}],"collection":[{"href":"https:\/\/diarioregionaldigital.com.br\/index.php?rest_route=\/wp\/v2\/posts"}],"about":[{"href":"https:\/\/diarioregionaldigital.com.br\/index.php?rest_route=\/wp\/v2\/types\/post"}],"author":[{"embeddable":true,"href":"https:\/\/diarioregionaldigital.com.br\/index.php?rest_route=\/wp\/v2\/users\/96"}],"replies":[{"embeddable":true,"href":"https:\/\/diarioregionaldigital.com.br\/index.php?rest_route=%2Fwp%2Fv2%2Fcomments&post=142749"}],"version-history":[{"count":0,"href":"https:\/\/diarioregionaldigital.com.br\/index.php?rest_route=\/wp\/v2\/posts\/142749\/revisions"}],"wp:featuredmedia":[{"embeddable":true,"href":"https:\/\/diarioregionaldigital.com.br\/index.php?rest_route=\/wp\/v2\/media\/142759"}],"wp:attachment":[{"href":"https:\/\/diarioregionaldigital.com.br\/index.php?rest_route=%2Fwp%2Fv2%2Fmedia&parent=142749"}],"wp:term":[{"taxonomy":"category","embeddable":true,"href":"https:\/\/diarioregionaldigital.com.br\/index.php?rest_route=%2Fwp%2Fv2%2Fcategories&post=142749"},{"taxonomy":"post_tag","embeddable":true,"href":"https:\/\/diarioregionaldigital.com.br\/index.php?rest_route=%2Fwp%2Fv2%2Ftags&post=142749"}],"curies":[{"name":"wp","href":"https:\/\/api.w.org\/{rel}","templated":true}]}}