{"id":142742,"date":"2019-06-27T19:09:53","date_gmt":"2019-06-27T22:09:53","guid":{"rendered":"https:\/\/diarioregionaldigital.com.br\/?p=142742"},"modified":"2019-06-27T19:09:53","modified_gmt":"2019-06-27T22:09:53","slug":"agatha-duda-estreia-no-mundial-com-foco-na-corrida-olimpica","status":"publish","type":"post","link":"https:\/\/diarioregionaldigital.com.br\/?p=142742","title":{"rendered":"Agatha\/Duda estreia no Mundial com foco na corrida ol\u00edmpica"},"content":{"rendered":"<p>Com o foco principal na luta pela vaga na Olimp\u00edada de T\u00f3quio, \u00c1gatha e Duda fazem nesta sexta-feira, \u00e0s 11h da manh\u00e3, sua estreia no Mundial de v\u00f4lei de praia contra as cubanas Leila e Maylen. A dupla brasileira est\u00e1 no Grupo F da competi\u00e7\u00e3o, que ser\u00e1 disputada em Hamburgo, na Alemanha, e ter\u00e1 tamb\u00e9m como advers\u00e1rias Ishii e Murakami, do Jap\u00e3o, e Xia e Wang, da China.<\/p>\n<p>Com o t\u00edtulo na etapa de Ostrava do Circuito Mundial e o terceiro lugar na de Vars\u00f3rvia, \u00c1gatha e Duda assumiram a lideran\u00e7a do ranking internacional, que eva em considera\u00e7\u00e3o os oito melhores resultados dos times em torneios do Circuito Mundial nos \u00faltimos 365 dias. Mas, na corrida ol\u00edmpica, a concorr\u00eancia \u00e9 apenas contra as duplas brasileiras e leva em considera\u00e7\u00e3o os dez melhores resultados em eventos de quatro e cinco estrelas organizados pela FIVB. Nesse ranking nacional, a dupla est\u00e1 em segundo lugar com 2.880 pontos contra 3.040 de Ana Patr\u00edcia e Rebecca. A terceira posi\u00e7\u00e3o \u00e9 de Carol Solberg e Maria Elisa (2.160), Talita e Taiana aparecem em quarto (2.080), enquanto Fernanda Berti e B\u00e1rbara Seixas est\u00e3o em quinto (1.520). Se classificam para T\u00f3quio as duas duplas que somarem mais pontos no per\u00edodo entre 1 de fevereiro de 2019 e 28 de fevereiro de 2020.<\/p>\n<p>Por conta disso, o foco de \u00c1gatha e Duda agora \u00e9 manter o ritmo para n\u00e3o perder a coloca\u00e7\u00e3o e treinar intensamente n\u00e3o s\u00f3 para conquistar uma das t\u00e3o sonhadas vagas nas Olimp\u00edadas, mas tamb\u00e9m para chegar em T\u00f3quio jogando por um lugar no p\u00f3dio. Apesar de disputarem as vagas com duplas femininas do pr\u00f3prio pa\u00eds, as atletas consideram que \u201ca corrida Ol\u00edmpica brasileira s\u00e3o duas vagas, para dois times, mas estamos jogando contra o mundo\u201d, comenta Duda.<\/p>\n<p>O Mundial vale mais pontos do que as outras etapas, mas a sequ\u00eancia ser\u00e1 desgastante. Depois da Alemanha, em apenas seis semanas, \u00c1gatha e Duda ir\u00e3o passar por Su\u00ed\u00e7a, Portugal, Jap\u00e3o e \u00c1ustria pelo Circuito Mundial.<\/p>\n<p>Fonte: Olimp\u00edada Todo Dia<\/p>\n","protected":false},"excerpt":{"rendered":"<p>Com o foco principal na luta pela vaga na Olimp\u00edada de T\u00f3quio, \u00c1gatha e Duda fazem nesta sexta-feira, \u00e0s 11h da manh\u00e3, sua estreia no Mundial de v\u00f4lei de praia contra as cubanas Leila e Maylen. A dupla brasileira est\u00e1 no Grupo F da competi\u00e7\u00e3o, que ser\u00e1 disputada em Hamburgo, na Alemanha, e ter\u00e1 tamb\u00e9m [&hellip;]<\/p>\n","protected":false},"author":96,"featured_media":142738,"comment_status":"closed","ping_status":"closed","sticky":false,"template":"","format":"standard","meta":{"footnotes":""},"categories":[436,257,439],"tags":[],"class_list":["post-142742","post","type-post","status-publish","format-standard","has-post-thumbnail","hentry","category-destaque-da-semana","category-esporte","category-ultima-hora"],"_links":{"self":[{"href":"https:\/\/diarioregionaldigital.com.br\/index.php?rest_route=\/wp\/v2\/posts\/142742","targetHints":{"allow":["GET"]}}],"collection":[{"href":"https:\/\/diarioregionaldigital.com.br\/index.php?rest_route=\/wp\/v2\/posts"}],"about":[{"href":"https:\/\/diarioregionaldigital.com.br\/index.php?rest_route=\/wp\/v2\/types\/post"}],"author":[{"embeddable":true,"href":"https:\/\/diarioregionaldigital.com.br\/index.php?rest_route=\/wp\/v2\/users\/96"}],"replies":[{"embeddable":true,"href":"https:\/\/diarioregionaldigital.com.br\/index.php?rest_route=%2Fwp%2Fv2%2Fcomments&post=142742"}],"version-history":[{"count":0,"href":"https:\/\/diarioregionaldigital.com.br\/index.php?rest_route=\/wp\/v2\/posts\/142742\/revisions"}],"wp:featuredmedia":[{"embeddable":true,"href":"https:\/\/diarioregionaldigital.com.br\/index.php?rest_route=\/wp\/v2\/media\/142738"}],"wp:attachment":[{"href":"https:\/\/diarioregionaldigital.com.br\/index.php?rest_route=%2Fwp%2Fv2%2Fmedia&parent=142742"}],"wp:term":[{"taxonomy":"category","embeddable":true,"href":"https:\/\/diarioregionaldigital.com.br\/index.php?rest_route=%2Fwp%2Fv2%2Fcategories&post=142742"},{"taxonomy":"post_tag","embeddable":true,"href":"https:\/\/diarioregionaldigital.com.br\/index.php?rest_route=%2Fwp%2Fv2%2Ftags&post=142742"}],"curies":[{"name":"wp","href":"https:\/\/api.w.org\/{rel}","templated":true}]}}