{"id":142734,"date":"2019-06-27T19:06:25","date_gmt":"2019-06-27T22:06:25","guid":{"rendered":"https:\/\/diarioregionaldigital.com.br\/?p=142734"},"modified":"2019-06-27T19:06:25","modified_gmt":"2019-06-27T22:06:25","slug":"jogo-das-estrelas-sport-club-jf-vence-a-selecao-da-copa-60","status":"publish","type":"post","link":"https:\/\/diarioregionaldigital.com.br\/?p=142734","title":{"rendered":"Jogo das Estrelas: Sport Club JF vence a sele\u00e7\u00e3o da Copa 60+"},"content":{"rendered":"<p>O Clube do Papo recebeu, na noite de ter\u00e7a-feira, 25, uma festa para encerrar a segunda edi\u00e7\u00e3o da &#8220;Copa 60+ de Fut7&#8221;. Foi realizado o Jogo das Estrelas, entre o Sport Club JF, atual campe\u00e3o da &#8220;Copa 60+&#8221;, e a sele\u00e7\u00e3o da Copa, formada por dois jogadores de cada equipe que participou do campeonato. Com a bola rolando, &#8220;Dois&#8221; fez boa jogada individual e abriu o placar para o Sport. Ainda no primeiro tempo, Tadeu marcou o segundo, e &#8220;Dudinha&#8221; anotou o terceiro gol para os campe\u00f5es. No segundo tempo, &#8220;Z\u00e9 Vasco&#8221; descontou para a &#8220;Sele\u00e7\u00e3o&#8221;, mas j\u00e1 era tarde. Vit\u00f3ria verde e branca, por 3 a 1.<\/p>\n<p>Ap\u00f3s a partida, aconteceu uma cerim\u00f4nia de premia\u00e7\u00e3o com os destaques da competi\u00e7\u00e3o. Com seis gols, Jos\u00e9 Ant\u00f4nio &#8220;Jacar\u00e9&#8221;, jogador do SC Acad\u00eamicos, foi o artilheiro da competi\u00e7\u00e3o. O pr\u00eamio de defesa menos vazada foi para o Clube Bom Pastor, recebido pelo goleiro &#8220;Espanhol&#8221;. O pr\u00eamio de melhor disciplina foi para o Sport Club JF, recebido pelo presidente Jorge Ramos. E o grande pr\u00eamio da noite ficou com Iram Marques Teixeira, que foi nomeado como o destaque especial da copa. Ele joga pela equipe do Tupi FC e foi um dos respons\u00e1veis pelo surgimento da Copa.<\/p>\n<p>Ex-jogador, hoje cirurgi\u00e3o dentista, Iram nunca se conformou por n\u00e3o existir uma categoria para sua faixa et\u00e1ria. Segundo ele, os amigos que est\u00e3o se aproximando desta idade j\u00e1 manifestam interesse em participar da competi\u00e7\u00e3o: &#8220;Eu sou nascido e criado na sede do Tupi FC, e dali eu parti para jogar futebol de sal\u00e3o, futebol, cheguei a jogar profissionalmente, mas tive que tomar uma decis\u00e3o na vida. Tive que estudar e hoje sou cirurgi\u00e3o dentista. Mas eu sempre reclamava que a \u00faltima categoria que existia na Copa Prefeitura Bahamas era a veterana, at\u00e9 52 anos. E n\u00f3s l\u00e1 do veterano, que jogamos juntos h\u00e1 33 anos, n\u00e3o pod\u00edamos deixar de jogar&#8221;.<\/p>\n<p>Para &#8220;Jacar\u00e9&#8221;, artilheiro da competi\u00e7\u00e3o, \u00e9 um prazer participar de um evento como este: &#8220;Eu parabenizo os organizadores da competi\u00e7\u00e3o, pois \u00e9 muito dif\u00edcil encontrar atletas da nossa faixa et\u00e1ria. Ent\u00e3o \u00e9 muito bom quando acontece esse tipo de evento para o pessoal da nossa idade.&#8221;<\/p>\n<p>O &#8220;Jogo das Estrelas&#8221; foi a novidade deste ano. As equipes que participaram foram presenteadas com uniformes novos. Campe\u00e3o desta edi\u00e7\u00e3o, o Sport Club JF recebeu um uniforme com suas cores tradicionais, verde e branco. A sele\u00e7\u00e3o da competi\u00e7\u00e3o recebeu um uniforme branco com detalhes com as cores de Juiz de Fora: verde, vermelho, azul e branco.<\/p>\n<p>A \u201cCopa 60+\u201d \u00e9 organizada por meio de parceria entre a Secretaria de Esporte e Lazer (SEL) e o Grupo Bahamas, com apoio da Liga Regional de Fut7. Esta segunda edi\u00e7\u00e3o contou com sete equipes e duas sedes: Clube Bom Pastor e Clube do Papo.<\/p>\n<p>Fonte: Assessoria<\/p>\n","protected":false},"excerpt":{"rendered":"<p>O Clube do Papo recebeu, na noite de ter\u00e7a-feira, 25, uma festa para encerrar a segunda edi\u00e7\u00e3o da &#8220;Copa 60+ de Fut7&#8221;. Foi realizado o Jogo das Estrelas, entre o Sport Club JF, atual campe\u00e3o da &#8220;Copa 60+&#8221;, e a sele\u00e7\u00e3o da Copa, formada por dois jogadores de cada equipe que participou do campeonato. Com [&hellip;]<\/p>\n","protected":false},"author":96,"featured_media":142735,"comment_status":"closed","ping_status":"closed","sticky":false,"template":"","format":"standard","meta":{"footnotes":""},"categories":[436,257,439],"tags":[],"class_list":["post-142734","post","type-post","status-publish","format-standard","has-post-thumbnail","hentry","category-destaque-da-semana","category-esporte","category-ultima-hora"],"_links":{"self":[{"href":"https:\/\/diarioregionaldigital.com.br\/index.php?rest_route=\/wp\/v2\/posts\/142734","targetHints":{"allow":["GET"]}}],"collection":[{"href":"https:\/\/diarioregionaldigital.com.br\/index.php?rest_route=\/wp\/v2\/posts"}],"about":[{"href":"https:\/\/diarioregionaldigital.com.br\/index.php?rest_route=\/wp\/v2\/types\/post"}],"author":[{"embeddable":true,"href":"https:\/\/diarioregionaldigital.com.br\/index.php?rest_route=\/wp\/v2\/users\/96"}],"replies":[{"embeddable":true,"href":"https:\/\/diarioregionaldigital.com.br\/index.php?rest_route=%2Fwp%2Fv2%2Fcomments&post=142734"}],"version-history":[{"count":0,"href":"https:\/\/diarioregionaldigital.com.br\/index.php?rest_route=\/wp\/v2\/posts\/142734\/revisions"}],"wp:featuredmedia":[{"embeddable":true,"href":"https:\/\/diarioregionaldigital.com.br\/index.php?rest_route=\/wp\/v2\/media\/142735"}],"wp:attachment":[{"href":"https:\/\/diarioregionaldigital.com.br\/index.php?rest_route=%2Fwp%2Fv2%2Fmedia&parent=142734"}],"wp:term":[{"taxonomy":"category","embeddable":true,"href":"https:\/\/diarioregionaldigital.com.br\/index.php?rest_route=%2Fwp%2Fv2%2Fcategories&post=142734"},{"taxonomy":"post_tag","embeddable":true,"href":"https:\/\/diarioregionaldigital.com.br\/index.php?rest_route=%2Fwp%2Fv2%2Ftags&post=142734"}],"curies":[{"name":"wp","href":"https:\/\/api.w.org\/{rel}","templated":true}]}}