{"id":142733,"date":"2019-06-27T19:07:37","date_gmt":"2019-06-27T22:07:37","guid":{"rendered":"https:\/\/diarioregionaldigital.com.br\/?p=142733"},"modified":"2019-06-27T19:07:37","modified_gmt":"2019-06-27T22:07:37","slug":"brasil-pega-franca-nesta-sexta-feira-pela-liga-das-nacoes","status":"publish","type":"post","link":"https:\/\/diarioregionaldigital.com.br\/?p=142733","title":{"rendered":"Brasil pega Fran\u00e7a nesta sexta-feira pela Liga das Na\u00e7\u00f5es"},"content":{"rendered":"<p>Ap\u00f3s as quatro primeiras etapas conclu\u00eddas, a sele\u00e7\u00e3o brasileira de v\u00f4lei masculino comanda a tabela de classifica\u00e7\u00e3o da Liga das Na\u00e7\u00f5es 2019 com 30 pontos conquistados em 11 vit\u00f3rias de 12 jogos disputados. Nesta sexta-feira (28), a equipe comandada pelo t\u00e9cnico Renan enfrentar\u00e1 a Fran\u00e7a, terceira colocada, \u00e0s 20h, no gin\u00e1sio Nilson Nelson, em Bras\u00edlia (DF).<\/p>\n<p>Os resultados positivos foram conquistados, na primeira semana, em Katowice, na Pol\u00f4nia, sobre Estados Unidos, Austr\u00e1lia e Pol\u00f4nia; na segunda, em T\u00f3quio, no Jap\u00e3o, bateu Ir\u00e3, Jap\u00e3o e Argentina, e em Portugal, sofreu seu primeiro resultado negativo, para a S\u00e9rvia, e venceu a China e Portugal. Em Cuiab\u00e1, o Brasil venceu a Bulg\u00e1ria, a Alemanha e a R\u00fassia.<\/p>\n<p>Nome presente em todas as partidas, o l\u00edbero Thales destaca a import\u00e2ncia de ter o grupo completo em praticamente todos os momentos da Liga das Na\u00e7\u00f5es.<\/p>\n<p>\u201cO time est\u00e1 jogando muito bem, perdemos apenas um jogo, que, na minha opini\u00e3o, n\u00e3o podia, mas sabemos que faz parte. Estamos em primeiro na classifica\u00e7\u00e3o e est\u00e1 sendo extremamente importante ter o time completo, se conhecendo bem ao longo de toda a fase classificat\u00f3ria. No meu caso, por exemplo, \u00e9 muito importante conhecer bem o Leal, que est\u00e1 chegando agora. Isso \u00e9 fundamental para o nosso jogo\u201d, disse o l\u00edbero.<\/p>\n<p>Satisfeito com o desempenho do Brasil at\u00e9 agora, o t\u00e9cnico Renan est\u00e1 entusiasmado com a chance de fazer a segunda semana seguinte em casa e com o apoio da torcida.<\/p>\n<p>\u201cEstamos em um momento bastante importante da competi\u00e7\u00e3o. Estamos na quinta e \u00faltima semana da fase de classifica\u00e7\u00e3o, espero que Bras\u00edlia traga bons flu\u00eddos para a sele\u00e7\u00e3o brasileira. O n\u00edvel do voleibol mundial \u00e9 de um equil\u00edbrio imenso, e temos seis ou sete sele\u00e7\u00f5es com condi\u00e7\u00f5es de vencer uma competi\u00e7\u00e3o internacional. Ent\u00e3o uma dose extra de sorte pode ser importante\u201d, afirmou Renan.<\/p>\n<p>A sele\u00e7\u00e3o brasileira conta, na etapa de Bras\u00edlia, com os levantadores Bruninho e Fernando Cachopa; os opostos Alan e Rafael Ara\u00fajo; os centrais Luc\u00e3o, Maur\u00edcio Souza, Isac e Fl\u00e1vio; os ponteiros Lucarelli, Leal, Douglas e Maur\u00edcio Borges, e os l\u00edberos Thales e Maique.<\/p>\n<p>Fonte: Olimp\u00edada Todo Dia<\/p>\n","protected":false},"excerpt":{"rendered":"<p>Ap\u00f3s as quatro primeiras etapas conclu\u00eddas, a sele\u00e7\u00e3o brasileira de v\u00f4lei masculino comanda a tabela de classifica\u00e7\u00e3o da Liga das Na\u00e7\u00f5es 2019 com 30 pontos conquistados em 11 vit\u00f3rias de 12 jogos disputados. Nesta sexta-feira (28), a equipe comandada pelo t\u00e9cnico Renan enfrentar\u00e1 a Fran\u00e7a, terceira colocada, \u00e0s 20h, no gin\u00e1sio Nilson Nelson, em Bras\u00edlia [&hellip;]<\/p>\n","protected":false},"author":96,"featured_media":142736,"comment_status":"closed","ping_status":"closed","sticky":false,"template":"","format":"standard","meta":{"footnotes":""},"categories":[436,257,439],"tags":[],"class_list":["post-142733","post","type-post","status-publish","format-standard","has-post-thumbnail","hentry","category-destaque-da-semana","category-esporte","category-ultima-hora"],"_links":{"self":[{"href":"https:\/\/diarioregionaldigital.com.br\/index.php?rest_route=\/wp\/v2\/posts\/142733","targetHints":{"allow":["GET"]}}],"collection":[{"href":"https:\/\/diarioregionaldigital.com.br\/index.php?rest_route=\/wp\/v2\/posts"}],"about":[{"href":"https:\/\/diarioregionaldigital.com.br\/index.php?rest_route=\/wp\/v2\/types\/post"}],"author":[{"embeddable":true,"href":"https:\/\/diarioregionaldigital.com.br\/index.php?rest_route=\/wp\/v2\/users\/96"}],"replies":[{"embeddable":true,"href":"https:\/\/diarioregionaldigital.com.br\/index.php?rest_route=%2Fwp%2Fv2%2Fcomments&post=142733"}],"version-history":[{"count":0,"href":"https:\/\/diarioregionaldigital.com.br\/index.php?rest_route=\/wp\/v2\/posts\/142733\/revisions"}],"wp:featuredmedia":[{"embeddable":true,"href":"https:\/\/diarioregionaldigital.com.br\/index.php?rest_route=\/wp\/v2\/media\/142736"}],"wp:attachment":[{"href":"https:\/\/diarioregionaldigital.com.br\/index.php?rest_route=%2Fwp%2Fv2%2Fmedia&parent=142733"}],"wp:term":[{"taxonomy":"category","embeddable":true,"href":"https:\/\/diarioregionaldigital.com.br\/index.php?rest_route=%2Fwp%2Fv2%2Fcategories&post=142733"},{"taxonomy":"post_tag","embeddable":true,"href":"https:\/\/diarioregionaldigital.com.br\/index.php?rest_route=%2Fwp%2Fv2%2Ftags&post=142733"}],"curies":[{"name":"wp","href":"https:\/\/api.w.org\/{rel}","templated":true}]}}