{"id":142728,"date":"2019-06-30T06:00:37","date_gmt":"2019-06-30T09:00:37","guid":{"rendered":"https:\/\/diarioregionaldigital.com.br\/?p=142728"},"modified":"2019-06-27T19:02:26","modified_gmt":"2019-06-27T22:02:26","slug":"os-outros-precisam-saber-quem-e-voce","status":"publish","type":"post","link":"https:\/\/diarioregionaldigital.com.br\/?p=142728","title":{"rendered":"Os outros precisam saber quem \u00e9 voc\u00ea"},"content":{"rendered":"<p>Estamos em uma seq\u00fc\u00eancia de artigos que tratam do seu marketing pessoal, e o seu curr\u00edculo est\u00e1 inclu\u00eddo nessa seq\u00fc\u00eancia. O curr\u00edculo n\u00e3o \u00e9 apenas parte do protocolo de contrata\u00e7\u00e3o das empresas: ele \u00e9 o resumo da sua vida profissional.<\/p>\n<p>Em muitos casos, o curr\u00edculo \u00e9 a \u00fanica forma de que voc\u00ea disp\u00f5e para se fazer conhecer em uma empresa; logo, ele precisa ser lido. Para aumentar as chances de que isso aconte\u00e7a, elabore o seu curr\u00edculo sucintamente, mas n\u00e3o deixe de incluir informa\u00e7\u00f5es relevantes da sua vida profissional.<\/p>\n<p>Outra pe\u00e7a importante do marketing pessoal \u00e9 a pasta de apresenta\u00e7\u00e3o de servi\u00e7os ou <em>folder<\/em>, como \u00e9 conhecida no jarg\u00e3o profissional<em>. <\/em>A utiliza\u00e7\u00e3o do <em>folder<\/em> \u00e9 recomendada para profissionais aut\u00f4nomos. Se este \u00e9 o seu caso, saiba que no <em>folder<\/em> voc\u00ea pode incluir desde exemplos de servi\u00e7os prestados para outras empresas at\u00e9 notas que tenham sido publicadas na imprensa sobre o seu trabalho, al\u00e9m, \u00e9 claro, da descri\u00e7\u00e3o dos servi\u00e7os que voc\u00ea presta e da sua qualifica\u00e7\u00e3o para isso.<\/p>\n<h3>Sem palavras<\/h3>\n<p>Express\u00e3o corporal \u00e9 um dos aspectos mais importantes no marketing de um profissional bem-sucedido. H\u00e1 livros inteiros escritos sobre t\u00e9cnicas de como desenvolver o carisma ou o magnetismo pessoal; afinal, o corpo fala mais do que imaginamos!<\/p>\n<p>Uma express\u00e3o corporal correta pode ser descrita da seguinte forma:<\/p>\n<ul>\n<li>postura naturalmente ereta;<\/li>\n<li>olhar direto, sem ser incisivo;<\/li>\n<li>dist\u00e2ncia f\u00edsica adequada para sentir-se \u00e0 vontade, sem constranger nem ficar constrangido;<\/li>\n<li>aperto de m\u00e3o firme, demonstrando seguran\u00e7a;<\/li>\n<li>sorriso am\u00e1vel e confiante;<\/li>\n<li>palavras pronunciadas em velocidade e entona\u00e7\u00e3o adequadas para uma perfeita compreens\u00e3o, ditas com um timbre voc\u00e1lico agrad\u00e1vel e com as inflex\u00f5es necess\u00e1rias ao que quiser enfatizar.<\/li>\n<\/ul>\n<p>&nbsp;<\/p>\n","protected":false},"excerpt":{"rendered":"<p>Estamos em uma seq\u00fc\u00eancia de artigos que tratam do seu marketing pessoal, e o seu curr\u00edculo est\u00e1 inclu\u00eddo nessa seq\u00fc\u00eancia. O curr\u00edculo n\u00e3o \u00e9 apenas parte do protocolo de contrata\u00e7\u00e3o das empresas: ele \u00e9 o resumo da sua vida profissional. Em muitos casos, o curr\u00edculo \u00e9 a \u00fanica forma de que voc\u00ea disp\u00f5e para se [&hellip;]<\/p>\n","protected":false},"author":96,"featured_media":96755,"comment_status":"closed","ping_status":"closed","sticky":false,"template":"","format":"standard","meta":{"footnotes":""},"categories":[435,274,439],"tags":[],"class_list":["post-142728","post","type-post","status-publish","format-standard","has-post-thumbnail","hentry","category-colunas","category-dr-lair-ribeiro","category-ultima-hora"],"_links":{"self":[{"href":"https:\/\/diarioregionaldigital.com.br\/index.php?rest_route=\/wp\/v2\/posts\/142728","targetHints":{"allow":["GET"]}}],"collection":[{"href":"https:\/\/diarioregionaldigital.com.br\/index.php?rest_route=\/wp\/v2\/posts"}],"about":[{"href":"https:\/\/diarioregionaldigital.com.br\/index.php?rest_route=\/wp\/v2\/types\/post"}],"author":[{"embeddable":true,"href":"https:\/\/diarioregionaldigital.com.br\/index.php?rest_route=\/wp\/v2\/users\/96"}],"replies":[{"embeddable":true,"href":"https:\/\/diarioregionaldigital.com.br\/index.php?rest_route=%2Fwp%2Fv2%2Fcomments&post=142728"}],"version-history":[{"count":0,"href":"https:\/\/diarioregionaldigital.com.br\/index.php?rest_route=\/wp\/v2\/posts\/142728\/revisions"}],"wp:featuredmedia":[{"embeddable":true,"href":"https:\/\/diarioregionaldigital.com.br\/index.php?rest_route=\/wp\/v2\/media\/96755"}],"wp:attachment":[{"href":"https:\/\/diarioregionaldigital.com.br\/index.php?rest_route=%2Fwp%2Fv2%2Fmedia&parent=142728"}],"wp:term":[{"taxonomy":"category","embeddable":true,"href":"https:\/\/diarioregionaldigital.com.br\/index.php?rest_route=%2Fwp%2Fv2%2Fcategories&post=142728"},{"taxonomy":"post_tag","embeddable":true,"href":"https:\/\/diarioregionaldigital.com.br\/index.php?rest_route=%2Fwp%2Fv2%2Ftags&post=142728"}],"curies":[{"name":"wp","href":"https:\/\/api.w.org\/{rel}","templated":true}]}}