{"id":142724,"date":"2019-06-30T06:00:24","date_gmt":"2019-06-30T09:00:24","guid":{"rendered":"https:\/\/diarioregionaldigital.com.br\/?p=142724"},"modified":"2019-06-27T18:48:18","modified_gmt":"2019-06-27T21:48:18","slug":"acumulacao-de-cargos-por-militares-sera-promulgada-pelo-congresso","status":"publish","type":"post","link":"https:\/\/diarioregionaldigital.com.br\/?p=142724","title":{"rendered":"Acumula\u00e7\u00e3o de cargos por militares ser\u00e1 promulgada pelo Congresso"},"content":{"rendered":"<p>O Congresso Nacional se reunir\u00e1 em sess\u00e3o solene na pr\u00f3xima quarta-feira (3) para promulgar a emenda constitucional que permitir\u00e1 a militares a acumula\u00e7\u00e3o do cargo com as fun\u00e7\u00f5es de professor ou profissional da sa\u00fade. Oriunda da\u00a0<a href=\"https:\/\/www25.senado.leg.br\/web\/atividade\/materias\/-\/materia\/123903\">PEC 141\/2015<\/a>\u00a0(originalmente\u00a0<a href=\"https:\/\/www.camara.leg.br\/proposicoesWeb\/fichadetramitacao?idProposicao=148200\">PEC 215\/2003<\/a>\u00a0na C\u00e2mara), ela ser\u00e1 a 101\u00aa emenda \u00e0 Constitui\u00e7\u00e3o.<\/p>\n<p>Atualmente, a Constitui\u00e7\u00e3o pro\u00edbe a acumula\u00e7\u00e3o de cargos no servi\u00e7o p\u00fablico. Algumas exce\u00e7\u00f5es s\u00e3o previstas: se houver compatibilidade de hor\u00e1rios, servidores civis podem desempenhar dois cargos de professor; um cargo de professor com outro t\u00e9cnico ou cient\u00edfico; ou dois cargos ou empregos privativos de profissionais de sa\u00fade.<\/p>\n<p>A nova emenda estender\u00e1 esse benef\u00edcio aos militares estaduais. Em todos os casos, os profissionais que acumulam cargos devem respeitar o teto de renumera\u00e7\u00e3o no servi\u00e7o p\u00fablico. No caso dos estados e do Distrito Federal, o limite \u00e9 o sal\u00e1rio do governador. Na hip\u00f3tese de acumula\u00e7\u00e3o com um cargo civil, o militar ter\u00e1 que dar prioridade \u00e0 atividade no quartel. A mudan\u00e7a valer\u00e1 para integrantes das pol\u00edcias e dos corpos de bombeiros militares dos estados e do Distrito Federal.<\/p>\n<p>O autor da emenda \u00e9 o ex-deputado Alberto Fraga, e o relator no Senado foi o senador Antonio Anastasia (PSDB-MG). Em seu parecer favor\u00e1vel, Anastasia considerou a medida ben\u00e9fica inclusive para a administra\u00e7\u00e3o p\u00fablica, que poder\u00e1 realizar menos contrata\u00e7\u00f5es para prestar servi\u00e7os.<\/p>\n<p>\u201cIsso permitiria ao Estado se valer de m\u00e3o-de-obra altamente qualificada em setores absolutamente carentes como a educa\u00e7\u00e3o e sa\u00fade, em que existe a obriga\u00e7\u00e3o constitucional de ser assegurada sua universaliza\u00e7\u00e3o. Seria mais vantajoso ao Estado, em per\u00edodo de severa restri\u00e7\u00e3o fiscal, uma situa\u00e7\u00e3o em que militares exer\u00e7am de forma cumulativa esses cargos\u201d, argumentou.<\/p>\n<p>&nbsp;<\/p>\n<p>Fonte: Ag\u00eancia Senado<\/p>\n","protected":false},"excerpt":{"rendered":"<p>O Congresso Nacional se reunir\u00e1 em sess\u00e3o solene na pr\u00f3xima quarta-feira (3) para promulgar a emenda constitucional que permitir\u00e1 a militares a acumula\u00e7\u00e3o do cargo com as fun\u00e7\u00f5es de professor ou profissional da sa\u00fade. Oriunda da\u00a0PEC 141\/2015\u00a0(originalmente\u00a0PEC 215\/2003\u00a0na C\u00e2mara), ela ser\u00e1 a 101\u00aa emenda \u00e0 Constitui\u00e7\u00e3o. Atualmente, a Constitui\u00e7\u00e3o pro\u00edbe a acumula\u00e7\u00e3o de cargos no [&hellip;]<\/p>\n","protected":false},"author":96,"featured_media":97343,"comment_status":"closed","ping_status":"closed","sticky":false,"template":"","format":"standard","meta":{"footnotes":""},"categories":[436,254,439],"tags":[],"class_list":["post-142724","post","type-post","status-publish","format-standard","has-post-thumbnail","hentry","category-destaque-da-semana","category-politica","category-ultima-hora"],"_links":{"self":[{"href":"https:\/\/diarioregionaldigital.com.br\/index.php?rest_route=\/wp\/v2\/posts\/142724","targetHints":{"allow":["GET"]}}],"collection":[{"href":"https:\/\/diarioregionaldigital.com.br\/index.php?rest_route=\/wp\/v2\/posts"}],"about":[{"href":"https:\/\/diarioregionaldigital.com.br\/index.php?rest_route=\/wp\/v2\/types\/post"}],"author":[{"embeddable":true,"href":"https:\/\/diarioregionaldigital.com.br\/index.php?rest_route=\/wp\/v2\/users\/96"}],"replies":[{"embeddable":true,"href":"https:\/\/diarioregionaldigital.com.br\/index.php?rest_route=%2Fwp%2Fv2%2Fcomments&post=142724"}],"version-history":[{"count":0,"href":"https:\/\/diarioregionaldigital.com.br\/index.php?rest_route=\/wp\/v2\/posts\/142724\/revisions"}],"wp:featuredmedia":[{"embeddable":true,"href":"https:\/\/diarioregionaldigital.com.br\/index.php?rest_route=\/wp\/v2\/media\/97343"}],"wp:attachment":[{"href":"https:\/\/diarioregionaldigital.com.br\/index.php?rest_route=%2Fwp%2Fv2%2Fmedia&parent=142724"}],"wp:term":[{"taxonomy":"category","embeddable":true,"href":"https:\/\/diarioregionaldigital.com.br\/index.php?rest_route=%2Fwp%2Fv2%2Fcategories&post=142724"},{"taxonomy":"post_tag","embeddable":true,"href":"https:\/\/diarioregionaldigital.com.br\/index.php?rest_route=%2Fwp%2Fv2%2Ftags&post=142724"}],"curies":[{"name":"wp","href":"https:\/\/api.w.org\/{rel}","templated":true}]}}