{"id":142704,"date":"2019-06-28T06:00:10","date_gmt":"2019-06-28T09:00:10","guid":{"rendered":"https:\/\/diarioregionaldigital.com.br\/?p=142704"},"modified":"2019-06-27T18:10:35","modified_gmt":"2019-06-27T21:10:35","slug":"junina-linda","status":"publish","type":"post","link":"https:\/\/diarioregionaldigital.com.br\/?p=142704","title":{"rendered":"Junina Linda"},"content":{"rendered":"<p style=\"text-align: center;\"><strong>Lions Rosas e Gl\u00f3rias<\/strong><\/p>\n<p style=\"text-align: center;\">Em sintonia com o m\u00eas junino e o Dia de S\u00e3o Pedro, o Lions Clube Rosas e Gl\u00f3rias promove no s\u00e1bado (29) o \u201cArrai\u00e1 das Rosas\u201d em car\u00e1ter beneficente. Ser\u00e1 no Sal\u00e3o do Hiper Bretas (parte externa) das 16h \u00e0s 21h, na \u00e1rea da rua Benjamin Constant. Vai ter comida e bebida t\u00edpica e apresenta\u00e7\u00e3o das crian\u00e7as da APAE\/JF e Escola de Dan\u00e7a Country. Entrada 1kg de alimento n\u00e3o perec\u00edvel (menos sal e fub\u00e1).<\/p>\n<p style=\"text-align: center;\"><strong>Qualidade<\/strong><\/p>\n<p style=\"text-align: center;\">Termos da atualidade tecnol\u00f3gica, design e qualidade s\u00e3o refer\u00eancias da Mr. Cat. da cor da paix\u00e3o (vermelha) as bolsas misturam couro e croco em perfeita harmonia, al\u00e9m de carregar toda tralha (delas) do dia a dia. As pe\u00e7as, em vermelho, fazem parte da cole\u00e7\u00e3o de inverno da marca.<\/p>\n<p style=\"text-align: center;\"><strong>L\u00e1 Longe<\/strong><\/p>\n<p style=\"text-align: center;\">Com oito anos de estrada e uma bagagem que conta com premia\u00e7\u00f5es nos tr\u00eas principais festivais de bandas independentes do pa\u00eds, a banda ETC decola novamente, dessa vez com destino a Portugal. Com dois discos j\u00e1 lan\u00e7ados a banda possui uma trajet\u00f3ria marcada por participa\u00e7\u00f5es com grandes nomes da m\u00fasica nacional como Criolo, Nando Reis, Natiruts, entre outros.<\/p>\n<p style=\"text-align: center;\"><strong>Junina Linda<\/strong><\/p>\n<p style=\"text-align: center;\">Vai bombar no domingo (30), o II Arrai\u00e1 do Fuxico e Xavaco. A festan\u00e7a come\u00e7a \u00e0s 14h, no MHall com guadrilhas, brinquedos, barracas t\u00edpicas, e atra\u00e7\u00f5es musicais com Ballet Magia da Dan\u00e7a Dj Pablo Ara\u00fajo, Gabi Gabizoca, Abracadabra , Banda Kids e Leonardo de Freitas &amp; Fabiano, Ingressos na loja Z\u00e9 Kodak.<\/p>\n<div id=\"attachment_142680\" style=\"width: 690px\" class=\"wp-caption aligncenter\"><img loading=\"lazy\" decoding=\"async\" aria-describedby=\"caption-attachment-142680\" class=\"wp-image-142680\" src=\"https:\/\/diarioregionaldigital.com.br\/wp-content\/uploads\/2019\/06\/fotoa-13-e1561667551198.jpg\" alt=\"\" width=\"680\" height=\"543\" srcset=\"https:\/\/diarioregionaldigital.com.br\/wp-content\/uploads\/2019\/06\/fotoa-13-e1561667551198.jpg 1176w, https:\/\/diarioregionaldigital.com.br\/wp-content\/uploads\/2019\/06\/fotoa-13-e1561667551198-300x240.jpg 300w, https:\/\/diarioregionaldigital.com.br\/wp-content\/uploads\/2019\/06\/fotoa-13-e1561667551198-768x613.jpg 768w, https:\/\/diarioregionaldigital.com.br\/wp-content\/uploads\/2019\/06\/fotoa-13-e1561667551198-1024x818.jpg 1024w, https:\/\/diarioregionaldigital.com.br\/wp-content\/uploads\/2019\/06\/fotoa-13-e1561667551198-360x287.jpg 360w\" sizes=\"auto, (max-width: 680px) 100vw, 680px\" \/><p id=\"caption-attachment-142680\" class=\"wp-caption-text\">Fazendo social \u00e0 fantasia bem junino, os bonitos Aline Pereira e Douglas Costa<\/p><\/div>\n<div id=\"attachment_142681\" style=\"width: 690px\" class=\"wp-caption aligncenter\"><img loading=\"lazy\" decoding=\"async\" aria-describedby=\"caption-attachment-142681\" class=\"wp-image-142681\" src=\"https:\/\/diarioregionaldigital.com.br\/wp-content\/uploads\/2019\/06\/fotoaa-6-e1561669107463.jpg\" alt=\"\" width=\"680\" height=\"500\" srcset=\"https:\/\/diarioregionaldigital.com.br\/wp-content\/uploads\/2019\/06\/fotoaa-6-e1561669107463.jpg 890w, https:\/\/diarioregionaldigital.com.br\/wp-content\/uploads\/2019\/06\/fotoaa-6-e1561669107463-300x221.jpg 300w, https:\/\/diarioregionaldigital.com.br\/wp-content\/uploads\/2019\/06\/fotoaa-6-e1561669107463-768x565.jpg 768w, https:\/\/diarioregionaldigital.com.br\/wp-content\/uploads\/2019\/06\/fotoaa-6-e1561669107463-360x265.jpg 360w\" sizes=\"auto, (max-width: 680px) 100vw, 680px\" \/><p id=\"caption-attachment-142681\" class=\"wp-caption-text\">Em tarde de moda em S\u00e3o Mateus: Nequitz Miguel, Marc\u00edlio Gomes e Marina Castro<\/p><\/div>\n<div id=\"attachment_142682\" style=\"width: 690px\" class=\"wp-caption aligncenter\"><img loading=\"lazy\" decoding=\"async\" aria-describedby=\"caption-attachment-142682\" class=\"wp-image-142682\" src=\"https:\/\/diarioregionaldigital.com.br\/wp-content\/uploads\/2019\/06\/fotob-15-e1561669188583.jpg\" alt=\"\" width=\"680\" height=\"498\" srcset=\"https:\/\/diarioregionaldigital.com.br\/wp-content\/uploads\/2019\/06\/fotob-15-e1561669188583.jpg 1296w, https:\/\/diarioregionaldigital.com.br\/wp-content\/uploads\/2019\/06\/fotob-15-e1561669188583-300x220.jpg 300w, https:\/\/diarioregionaldigital.com.br\/wp-content\/uploads\/2019\/06\/fotob-15-e1561669188583-768x562.jpg 768w, https:\/\/diarioregionaldigital.com.br\/wp-content\/uploads\/2019\/06\/fotob-15-e1561669188583-1024x750.jpg 1024w, https:\/\/diarioregionaldigital.com.br\/wp-content\/uploads\/2019\/06\/fotob-15-e1561669188583-360x264.jpg 360w\" sizes=\"auto, (max-width: 680px) 100vw, 680px\" \/><p id=\"caption-attachment-142682\" class=\"wp-caption-text\">Em ritmo junino em Laranjal (MG), Josean Pestana e J\u00fanior Gon\u00e7alves<\/p><\/div>\n<div id=\"attachment_142683\" style=\"width: 690px\" class=\"wp-caption aligncenter\"><img loading=\"lazy\" decoding=\"async\" aria-describedby=\"caption-attachment-142683\" class=\"wp-image-142683\" src=\"https:\/\/diarioregionaldigital.com.br\/wp-content\/uploads\/2019\/06\/fotoc-15-e1561669218697.jpg\" alt=\"\" width=\"680\" height=\"505\" srcset=\"https:\/\/diarioregionaldigital.com.br\/wp-content\/uploads\/2019\/06\/fotoc-15-e1561669218697.jpg 1146w, https:\/\/diarioregionaldigital.com.br\/wp-content\/uploads\/2019\/06\/fotoc-15-e1561669218697-300x223.jpg 300w, https:\/\/diarioregionaldigital.com.br\/wp-content\/uploads\/2019\/06\/fotoc-15-e1561669218697-768x570.jpg 768w, https:\/\/diarioregionaldigital.com.br\/wp-content\/uploads\/2019\/06\/fotoc-15-e1561669218697-1024x760.jpg 1024w, https:\/\/diarioregionaldigital.com.br\/wp-content\/uploads\/2019\/06\/fotoc-15-e1561669218697-360x267.jpg 360w\" sizes=\"auto, (max-width: 680px) 100vw, 680px\" \/><p id=\"caption-attachment-142683\" class=\"wp-caption-text\">Juiz-foranas chiques no Scenarium (RJ), Heliana Aglio, M\u00f4nica Gomide Guimar\u00e3es, Elaine Quaresma e Florinha Carmo<\/p><\/div>\n<div id=\"attachment_142685\" style=\"width: 690px\" class=\"wp-caption aligncenter\"><img loading=\"lazy\" decoding=\"async\" aria-describedby=\"caption-attachment-142685\" class=\"wp-image-142685\" src=\"https:\/\/diarioregionaldigital.com.br\/wp-content\/uploads\/2019\/06\/fotoe-16.jpg\" alt=\"\" width=\"680\" height=\"451\" srcset=\"https:\/\/diarioregionaldigital.com.br\/wp-content\/uploads\/2019\/06\/fotoe-16.jpg 1764w, https:\/\/diarioregionaldigital.com.br\/wp-content\/uploads\/2019\/06\/fotoe-16-300x199.jpg 300w, https:\/\/diarioregionaldigital.com.br\/wp-content\/uploads\/2019\/06\/fotoe-16-768x509.jpg 768w, https:\/\/diarioregionaldigital.com.br\/wp-content\/uploads\/2019\/06\/fotoe-16-1024x679.jpg 1024w, https:\/\/diarioregionaldigital.com.br\/wp-content\/uploads\/2019\/06\/fotoe-16-360x239.jpg 360w\" sizes=\"auto, (max-width: 680px) 100vw, 680px\" \/><p id=\"caption-attachment-142685\" class=\"wp-caption-text\">Em ritmo junino, o produtor global Vall Santos<\/p><\/div>\n<div id=\"attachment_142686\" style=\"width: 690px\" class=\"wp-caption aligncenter\"><img loading=\"lazy\" decoding=\"async\" aria-describedby=\"caption-attachment-142686\" class=\"wp-image-142686\" src=\"https:\/\/diarioregionaldigital.com.br\/wp-content\/uploads\/2019\/06\/fotof-15-e1561669339753.jpg\" alt=\"\" width=\"680\" height=\"495\" srcset=\"https:\/\/diarioregionaldigital.com.br\/wp-content\/uploads\/2019\/06\/fotof-15-e1561669339753.jpg 1360w, https:\/\/diarioregionaldigital.com.br\/wp-content\/uploads\/2019\/06\/fotof-15-e1561669339753-300x218.jpg 300w, https:\/\/diarioregionaldigital.com.br\/wp-content\/uploads\/2019\/06\/fotof-15-e1561669339753-768x558.jpg 768w, https:\/\/diarioregionaldigital.com.br\/wp-content\/uploads\/2019\/06\/fotof-15-e1561669339753-1024x745.jpg 1024w, https:\/\/diarioregionaldigital.com.br\/wp-content\/uploads\/2019\/06\/fotof-15-e1561669339753-360x262.jpg 360w\" sizes=\"auto, (max-width: 680px) 100vw, 680px\" \/><p id=\"caption-attachment-142686\" class=\"wp-caption-text\">Mulheres empoderadas em festa no Santa Helena, Maria Am\u00e9lia Perotti Velloso, Fabiana Ballesteros e a iluminada S\u00f4nia Maria Stigert (aniversariando)<\/p><\/div>\n<div id=\"attachment_142702\" style=\"width: 690px\" class=\"wp-caption aligncenter\"><img loading=\"lazy\" decoding=\"async\" aria-describedby=\"caption-attachment-142702\" class=\"wp-image-142702\" src=\"https:\/\/diarioregionaldigital.com.br\/wp-content\/uploads\/2019\/06\/fotobb-4-e1561669295546.jpg\" alt=\"\" width=\"680\" height=\"520\" srcset=\"https:\/\/diarioregionaldigital.com.br\/wp-content\/uploads\/2019\/06\/fotobb-4-e1561669295546.jpg 719w, https:\/\/diarioregionaldigital.com.br\/wp-content\/uploads\/2019\/06\/fotobb-4-e1561669295546-300x229.jpg 300w, https:\/\/diarioregionaldigital.com.br\/wp-content\/uploads\/2019\/06\/fotobb-4-e1561669295546-360x275.jpg 360w\" sizes=\"auto, (max-width: 680px) 100vw, 680px\" \/><p id=\"caption-attachment-142702\" class=\"wp-caption-text\">Comemorando idade no s\u00e1bado, 29, o estimado Pedro Halffeld<\/p><\/div>\n<div id=\"attachment_142687\" style=\"width: 690px\" class=\"wp-caption aligncenter\"><img loading=\"lazy\" decoding=\"async\" aria-describedby=\"caption-attachment-142687\" class=\"wp-image-142687\" src=\"https:\/\/diarioregionaldigital.com.br\/wp-content\/uploads\/2019\/06\/fotog-15-e1561669365236.jpg\" alt=\"\" width=\"680\" height=\"479\" srcset=\"https:\/\/diarioregionaldigital.com.br\/wp-content\/uploads\/2019\/06\/fotog-15-e1561669365236.jpg 1671w, https:\/\/diarioregionaldigital.com.br\/wp-content\/uploads\/2019\/06\/fotog-15-e1561669365236-300x210.jpg 300w, https:\/\/diarioregionaldigital.com.br\/wp-content\/uploads\/2019\/06\/fotog-15-e1561669365236-768x540.jpg 768w, https:\/\/diarioregionaldigital.com.br\/wp-content\/uploads\/2019\/06\/fotog-15-e1561669365236-1024x721.jpg 1024w, https:\/\/diarioregionaldigital.com.br\/wp-content\/uploads\/2019\/06\/fotog-15-e1561669365236-360x253.jpg 360w, https:\/\/diarioregionaldigital.com.br\/wp-content\/uploads\/2019\/06\/fotog-15-e1561669365236-100x70.jpg 100w\" sizes=\"auto, (max-width: 680px) 100vw, 680px\" \/><p id=\"caption-attachment-142687\" class=\"wp-caption-text\">Bonit\u00f5es arrasando no Rocket Pub, Pablo Ribeiro, Rodrigo Pina e Mateus Caldeira<\/p><\/div>\n<div id=\"attachment_142688\" style=\"width: 690px\" class=\"wp-caption aligncenter\"><img loading=\"lazy\" decoding=\"async\" aria-describedby=\"caption-attachment-142688\" class=\"wp-image-142688\" src=\"https:\/\/diarioregionaldigital.com.br\/wp-content\/uploads\/2019\/06\/fotoh-14.jpg\" alt=\"\" width=\"680\" height=\"453\" srcset=\"https:\/\/diarioregionaldigital.com.br\/wp-content\/uploads\/2019\/06\/fotoh-14.jpg 1764w, https:\/\/diarioregionaldigital.com.br\/wp-content\/uploads\/2019\/06\/fotoh-14-300x200.jpg 300w, https:\/\/diarioregionaldigital.com.br\/wp-content\/uploads\/2019\/06\/fotoh-14-768x512.jpg 768w, https:\/\/diarioregionaldigital.com.br\/wp-content\/uploads\/2019\/06\/fotoh-14-1024x683.jpg 1024w, https:\/\/diarioregionaldigital.com.br\/wp-content\/uploads\/2019\/06\/fotoh-14-360x240.jpg 360w\" sizes=\"auto, (max-width: 680px) 100vw, 680px\" \/><p id=\"caption-attachment-142688\" class=\"wp-caption-text\">Em seu chal\u00e9 em Tr\u00eas Rios (RJ), o elegante Gustavo Caldas com as finas, Lilian Caldas, Eliane Caldas e Manuella Caldas<\/p><\/div>\n<div id=\"attachment_142690\" style=\"width: 690px\" class=\"wp-caption aligncenter\"><img loading=\"lazy\" decoding=\"async\" aria-describedby=\"caption-attachment-142690\" class=\"wp-image-142690\" src=\"https:\/\/diarioregionaldigital.com.br\/wp-content\/uploads\/2019\/06\/fotoi-16-e1561669396156.jpg\" alt=\"\" width=\"680\" height=\"485\" srcset=\"https:\/\/diarioregionaldigital.com.br\/wp-content\/uploads\/2019\/06\/fotoi-16-e1561669396156.jpg 1649w, https:\/\/diarioregionaldigital.com.br\/wp-content\/uploads\/2019\/06\/fotoi-16-e1561669396156-300x214.jpg 300w, https:\/\/diarioregionaldigital.com.br\/wp-content\/uploads\/2019\/06\/fotoi-16-e1561669396156-768x548.jpg 768w, https:\/\/diarioregionaldigital.com.br\/wp-content\/uploads\/2019\/06\/fotoi-16-e1561669396156-1024x730.jpg 1024w, https:\/\/diarioregionaldigital.com.br\/wp-content\/uploads\/2019\/06\/fotoi-16-e1561669396156-360x257.jpg 360w, https:\/\/diarioregionaldigital.com.br\/wp-content\/uploads\/2019\/06\/fotoi-16-e1561669396156-100x70.jpg 100w\" sizes=\"auto, (max-width: 680px) 100vw, 680px\" \/><p id=\"caption-attachment-142690\" class=\"wp-caption-text\">Na Feijoada CR na Esta\u00e7\u00e3o S\u00e3o Pedro, Willian Choppinho, Maria Nogueira, M\u00e1rcia e M\u00e1rcio Moraes<\/p><\/div>\n<div id=\"attachment_142692\" style=\"width: 690px\" class=\"wp-caption aligncenter\"><img loading=\"lazy\" decoding=\"async\" aria-describedby=\"caption-attachment-142692\" class=\"wp-image-142692\" src=\"https:\/\/diarioregionaldigital.com.br\/wp-content\/uploads\/2019\/06\/fotol-10-e1561669428711.jpg\" alt=\"\" width=\"680\" height=\"466\" srcset=\"https:\/\/diarioregionaldigital.com.br\/wp-content\/uploads\/2019\/06\/fotol-10-e1561669428711.jpg 1697w, https:\/\/diarioregionaldigital.com.br\/wp-content\/uploads\/2019\/06\/fotol-10-e1561669428711-300x206.jpg 300w, https:\/\/diarioregionaldigital.com.br\/wp-content\/uploads\/2019\/06\/fotol-10-e1561669428711-768x527.jpg 768w, https:\/\/diarioregionaldigital.com.br\/wp-content\/uploads\/2019\/06\/fotol-10-e1561669428711-1024x702.jpg 1024w, https:\/\/diarioregionaldigital.com.br\/wp-content\/uploads\/2019\/06\/fotol-10-e1561669428711-360x247.jpg 360w, https:\/\/diarioregionaldigital.com.br\/wp-content\/uploads\/2019\/06\/fotol-10-e1561669428711-100x70.jpg 100w\" sizes=\"auto, (max-width: 680px) 100vw, 680px\" \/><p id=\"caption-attachment-142692\" class=\"wp-caption-text\">A Miss Brasil 2019, J\u00falia Horta em visita \u00e0 Ascomcer, ladeada de Alessandra Sampaio (presidente) e equipe<\/p><\/div>\n<p style=\"text-align: center;\"><strong>FOTOSS\u00cdNTESE<\/strong><\/p>\n<p>O ator Marcos Ot\u00e1vio \u00e9 o aniversariante de destaque da semana e comemora com amigos no s\u00e1bado (29) em seu ap\u00ea.<\/p>\n<p>Em homenagem merecid\u00edssima estar\u00e3o recebendo a Comenda Itamar Franco, hoje (28), no Museu de Arte Murilo Mendes, \u00e0s 20h, os ilustres: o ex-senador Cristovam Buarque, o ex-presidente da Cemig, Djalma Bastos de Morais, o ex-ministro Henrique Hargreaves, o jornalista e soci\u00f3logo Ismair Zagheto, a pianista e fundadora do Pr\u00f3-M\u00fasica, Maria Isabel de Sousa Santos, e a Santa Casa de Miseric\u00f3rdia de Juiz de Fora. Est\u00e3o, palmas para eles.<\/p>\n<p>Em ritmo de artes visuais contemplando retratos das vidas, dos povos e das ruas, a exposi\u00e7\u00e3o 33\u00aa Bienal de S\u00e3o Paulo est\u00e1 gloriosa em cartaz no Museu de Arte Murilo Mendes. Em cena, predomin\u00e2ncia da pintura e da abstra\u00e7\u00e3o.<\/p>\n<p>Localizado na rua Braz Bernardino, a ACBEU est\u00e1 com novidades com aulas de teatro. A sess\u00e3o experimental gratuita ser\u00e1 no s\u00e1bado (29), de 11h \u00e0s 12h30, com aulas de desinibi\u00e7\u00e3o, memoriza\u00e7\u00e3o, t\u00e9cnicas de palco, improvisa\u00e7\u00e3o e interpreta\u00e7\u00e3o.<\/p>\n<p>Patr\u00edcia Caniato e Gilberto Peixoto (Telekete) foram a Tr\u00eas Rios (RJ) aplaudir o show da diva Sandra Portella.<\/p>\n<p>Para arrasar geral, o show Ra\u00e7a Negra &amp; Amigos vai bombar hoje, 28, no Terrazzo. A abertura dos port\u00f5es ser\u00e1 \u00e0s 21h. O camarote Open Bar e Food est\u00e1 esgotado.<\/p>\n<p>Com muito anarri\u00ea, comida e bebida t\u00edpica, o evento Julino do Arrai\u00e1 AVIVA, com o tema \u201cConta l\u00e1 que eu Conto C\u00e1\u201d, vai reunir m\u00fasica boa com Trupicada, Diego &amp; Felipe, Alquimia, Rodrigo DSA e os Serafins, Amplitude, Oficina de Ritmos e DJ Felipe de Castro. Ser\u00e1 dia 7 de julho, de 15h \u00e0s 22h, no Terrazzo.<\/p>\n<p>O Instituto Vianna J\u00fanior comemora a aprova\u00e7\u00e3o de 82 alunos no XXVIII Exame da OAB.<\/p>\n<p>Ronaldo Brand\u00e3o, acompanhado da elegante Cristina Brand\u00e3o, comemorou anivers\u00e1rio no sofisticado Figueira Rubaiyat, nos Jardins, em S\u00e3o Paulo com fino jantar.<\/p>\n<p>Para atualizar: \u201cMuitas pessoas querem o melhor sexo do mundo e um relacionamento incr\u00edvel, mas nem todas est\u00e3o dispostas a enfrentar as DRs, os sil\u00eancios constrangedores, a m\u00e1goa e o drama psicol\u00f3gico necess\u00e1rio para construir isso. Ent\u00e3o, se conformam, se liga e relaxa\u201d. (Mark Manson). Bom dia.<\/p>\n<p><img loading=\"lazy\" decoding=\"async\" class=\"aligncenter size-full wp-image-142227\" src=\"https:\/\/diarioregionaldigital.com.br\/wp-content\/uploads\/2019\/06\/anuncio7.jpg\" alt=\"\" width=\"3477\" height=\"1288\" srcset=\"https:\/\/diarioregionaldigital.com.br\/wp-content\/uploads\/2019\/06\/anuncio7.jpg 3477w, https:\/\/diarioregionaldigital.com.br\/wp-content\/uploads\/2019\/06\/anuncio7-300x111.jpg 300w, https:\/\/diarioregionaldigital.com.br\/wp-content\/uploads\/2019\/06\/anuncio7-768x284.jpg 768w, https:\/\/diarioregionaldigital.com.br\/wp-content\/uploads\/2019\/06\/anuncio7-1024x379.jpg 1024w, https:\/\/diarioregionaldigital.com.br\/wp-content\/uploads\/2019\/06\/anuncio7-360x133.jpg 360w\" sizes=\"auto, (max-width: 3477px) 100vw, 3477px\" \/><\/p>\n","protected":false},"excerpt":{"rendered":"<p>Lions Rosas e Gl\u00f3rias Em sintonia com o m\u00eas junino e o Dia de S\u00e3o Pedro, o Lions Clube Rosas e Gl\u00f3rias promove no s\u00e1bado (29) o \u201cArrai\u00e1 das Rosas\u201d em car\u00e1ter beneficente. Ser\u00e1 no Sal\u00e3o do Hiper Bretas (parte externa) das 16h \u00e0s 21h, na \u00e1rea da rua Benjamin Constant. Vai ter comida e [&hellip;]<\/p>\n","protected":false},"author":96,"featured_media":142680,"comment_status":"closed","ping_status":"closed","sticky":false,"template":"","format":"standard","meta":{"footnotes":""},"categories":[264],"tags":[],"class_list":["post-142704","post","type-post","status-publish","format-standard","has-post-thumbnail","hentry","category-eduardo-gomes"],"_links":{"self":[{"href":"https:\/\/diarioregionaldigital.com.br\/index.php?rest_route=\/wp\/v2\/posts\/142704","targetHints":{"allow":["GET"]}}],"collection":[{"href":"https:\/\/diarioregionaldigital.com.br\/index.php?rest_route=\/wp\/v2\/posts"}],"about":[{"href":"https:\/\/diarioregionaldigital.com.br\/index.php?rest_route=\/wp\/v2\/types\/post"}],"author":[{"embeddable":true,"href":"https:\/\/diarioregionaldigital.com.br\/index.php?rest_route=\/wp\/v2\/users\/96"}],"replies":[{"embeddable":true,"href":"https:\/\/diarioregionaldigital.com.br\/index.php?rest_route=%2Fwp%2Fv2%2Fcomments&post=142704"}],"version-history":[{"count":0,"href":"https:\/\/diarioregionaldigital.com.br\/index.php?rest_route=\/wp\/v2\/posts\/142704\/revisions"}],"wp:featuredmedia":[{"embeddable":true,"href":"https:\/\/diarioregionaldigital.com.br\/index.php?rest_route=\/wp\/v2\/media\/142680"}],"wp:attachment":[{"href":"https:\/\/diarioregionaldigital.com.br\/index.php?rest_route=%2Fwp%2Fv2%2Fmedia&parent=142704"}],"wp:term":[{"taxonomy":"category","embeddable":true,"href":"https:\/\/diarioregionaldigital.com.br\/index.php?rest_route=%2Fwp%2Fv2%2Fcategories&post=142704"},{"taxonomy":"post_tag","embeddable":true,"href":"https:\/\/diarioregionaldigital.com.br\/index.php?rest_route=%2Fwp%2Fv2%2Ftags&post=142704"}],"curies":[{"name":"wp","href":"https:\/\/api.w.org\/{rel}","templated":true}]}}