{"id":142696,"date":"2019-06-27T17:34:57","date_gmt":"2019-06-27T20:34:57","guid":{"rendered":"https:\/\/diarioregionaldigital.com.br\/?p=142696"},"modified":"2019-06-27T17:34:57","modified_gmt":"2019-06-27T20:34:57","slug":"fiscaliza-jf-visita-bairro-vale-verde-e-verifica-servicos-prestados-pela-prefeitura","status":"publish","type":"post","link":"https:\/\/diarioregionaldigital.com.br\/?p=142696","title":{"rendered":"Fiscaliza JF visita bairro Vale Verde e verifica servi\u00e7os prestados pela Prefeitura"},"content":{"rendered":"<p>Com intuito de ouvir os moradores dos bairros e verificar a qualidade dos servi\u00e7os ofertados pela Prefeitura, o Fiscaliza JF esteve na tarde desta ter\u00e7a-feira, 25, na pra\u00e7a Maria Euz\u00e9bia Delfino, no Vale Verde, regi\u00e3o sul da cidade. Entre as quest\u00f5es levantadas pelos moradores, as principais reivindica\u00e7\u00f5es s\u00e3o com rela\u00e7\u00e3o a periodicidade na limpeza por parte da Prefeitura, necessidade de reforma no cal\u00e7amento do parquinho, e para que seja instalada uma tela de prote\u00e7\u00e3o na quadra de esportes.<\/p>\n<p>No entorno da pra\u00e7a fica a creche Toninho Ventura, que faz divisa com a quadra de esportes onde, de acordo com informa\u00e7\u00f5es da presidente da Associa\u00e7\u00e3o de Moradores, Maria Aparecida Ot\u00e1vio da Silva, h\u00e1 algumas semanas houve um acidente no qual uma funcion\u00e1ria da creche foi atingida por uma bola, e est\u00e1 hospitalizada desde ent\u00e3o.<\/p>\n<p>Maria Aparecida estava satisfeita com a visita do Legislativo, que d\u00e1 voz \u00e0s necessidades do bairro. \u201cEu acredito que com a presen\u00e7a da C\u00e2mara aqui, as coisas v\u00e3o melhorar, mas j\u00e1 ficamos mais de ano sem limpeza na pra\u00e7a. Os moradores \u00e9 que cuidam daqui\u201d, contou, mostrando as lixeiras que estavam quebradas e foram trocadas pelos moradores, al\u00e9m de algumas adapta\u00e7\u00f5es no parquinho e na academia popular da pra\u00e7a.<\/p>\n<p>O presidente da C\u00e2mara, vereador Luiz Ot\u00e1vio Coelho &#8211; Pardal (PTC), esteve na visita e observou a import\u00e2ncia do papel fiscalizador do Legislativo. \u201c\u00c9 fundamental esse papel e n\u00f3s da C\u00e2mara apesar de n\u00e3o termos a oportunidade de fazer aquilo que observamos aqui, damos sequ\u00eancia levando as demandas feitas aqui pelos moradores e naturalmente o prefeito com sua sensibilidade, apesar das dificuldades, n\u00e3o vai esquecer aqui do Vale Verde\u201d, finalizou o vereador.<\/p>\n<p>Ap\u00f3s a visita, a C\u00e2mara elabora um relat\u00f3rio com dados e fotos ilustrativas, que ser\u00e1 enviado para o Executivo em forma de Pedido de Informa\u00e7\u00e3o. De acordo com o coordenador do programa, Vin\u00edcius de Azevedo, o Fiscaliza \u00e9 um \u00f3rg\u00e3o de apoio \u00e0 popula\u00e7\u00e3o na fiscaliza\u00e7\u00e3o do Executivo. \u201cNossa presen\u00e7a aqui \u00e9 para detectar problemas e apont\u00e1-los para que, apresentando as demandas e os pontos falhos, at\u00e9 mesmo para otimizar o gasto do dinheiro p\u00fablico, a Prefeitura possa atender diretamente nos problemas que a pr\u00f3pria comunidade considera priorit\u00e1rios\u201d, explicou o servidor.<\/p>\n<p>Vin\u00edcius salientou ainda, que &#8220;todos os relat\u00f3rios s\u00e3o p\u00fablicos, ficam no site do Fiscaliza, no site da C\u00e2mara, e a popula\u00e7\u00e3o tamb\u00e9m tem acesso \u00e0 resposta da Prefeitura, se h\u00e1 cronogramas ou prioridade de atendimento de cada necessidade apresentada.\u201d, finalizou. Para acompanhar os relat\u00f3rios acesse http:\/\/camarajf.mg.gov.br\/fiscalizajf\/ .<\/p>\n<p>&nbsp;<\/p>\n<p>Fonte: CMJF<\/p>\n","protected":false},"excerpt":{"rendered":"<p>Com intuito de ouvir os moradores dos bairros e verificar a qualidade dos servi\u00e7os ofertados pela Prefeitura, o Fiscaliza JF esteve na tarde desta ter\u00e7a-feira, 25, na pra\u00e7a Maria Euz\u00e9bia Delfino, no Vale Verde, regi\u00e3o sul da cidade. Entre as quest\u00f5es levantadas pelos moradores, as principais reivindica\u00e7\u00f5es s\u00e3o com rela\u00e7\u00e3o a periodicidade na limpeza por [&hellip;]<\/p>\n","protected":false},"author":96,"featured_media":142697,"comment_status":"closed","ping_status":"closed","sticky":false,"template":"","format":"standard","meta":{"footnotes":""},"categories":[253,436,439],"tags":[],"class_list":["post-142696","post","type-post","status-publish","format-standard","has-post-thumbnail","hentry","category-cidade","category-destaque-da-semana","category-ultima-hora"],"_links":{"self":[{"href":"https:\/\/diarioregionaldigital.com.br\/index.php?rest_route=\/wp\/v2\/posts\/142696","targetHints":{"allow":["GET"]}}],"collection":[{"href":"https:\/\/diarioregionaldigital.com.br\/index.php?rest_route=\/wp\/v2\/posts"}],"about":[{"href":"https:\/\/diarioregionaldigital.com.br\/index.php?rest_route=\/wp\/v2\/types\/post"}],"author":[{"embeddable":true,"href":"https:\/\/diarioregionaldigital.com.br\/index.php?rest_route=\/wp\/v2\/users\/96"}],"replies":[{"embeddable":true,"href":"https:\/\/diarioregionaldigital.com.br\/index.php?rest_route=%2Fwp%2Fv2%2Fcomments&post=142696"}],"version-history":[{"count":0,"href":"https:\/\/diarioregionaldigital.com.br\/index.php?rest_route=\/wp\/v2\/posts\/142696\/revisions"}],"wp:featuredmedia":[{"embeddable":true,"href":"https:\/\/diarioregionaldigital.com.br\/index.php?rest_route=\/wp\/v2\/media\/142697"}],"wp:attachment":[{"href":"https:\/\/diarioregionaldigital.com.br\/index.php?rest_route=%2Fwp%2Fv2%2Fmedia&parent=142696"}],"wp:term":[{"taxonomy":"category","embeddable":true,"href":"https:\/\/diarioregionaldigital.com.br\/index.php?rest_route=%2Fwp%2Fv2%2Fcategories&post=142696"},{"taxonomy":"post_tag","embeddable":true,"href":"https:\/\/diarioregionaldigital.com.br\/index.php?rest_route=%2Fwp%2Fv2%2Ftags&post=142696"}],"curies":[{"name":"wp","href":"https:\/\/api.w.org\/{rel}","templated":true}]}}