{"id":142689,"date":"2019-06-27T16:42:09","date_gmt":"2019-06-27T19:42:09","guid":{"rendered":"https:\/\/diarioregionaldigital.com.br\/?p=142689"},"modified":"2019-06-27T16:42:09","modified_gmt":"2019-06-27T19:42:09","slug":"bolsa-social-puc-minas-para-o-2o-semestre-inscricoes-abertas","status":"publish","type":"post","link":"https:\/\/diarioregionaldigital.com.br\/?p=142689","title":{"rendered":"Bolsa Social PUC Minas para o 2\u00ba semestre: inscri\u00e7\u00f5es abertas"},"content":{"rendered":"<p>Est\u00e3o abertas as inscri\u00e7\u00f5es para interessados em se candidatar \u00e0 Bolsa Social PUC Minas, que poder\u00e1 ser concedida em qualquer percentual at\u00e9 60% sobre o valor da semestralidade do curso de gradua\u00e7\u00e3o. O benef\u00edcio deve ser solicitado pela internet, no\u00a0<a tabindex=\"-1\" href=\"http:\/\/portal.pucminas.br\/bolsa\/inscricao.php\" target=\"_blank\" rel=\"external noopener\">pucminas.br\/bolsa<\/a>, endere\u00e7o\u00a0pelo qual ser\u00e1 tamb\u00e9m agendada a entrevista. Est\u00e3o abertas tamb\u00e9m as inscri\u00e7\u00f5es para o processo seletivo de transfer\u00eancia externa ou obten\u00e7\u00e3o de nova gradua\u00e7\u00e3o (novo t\u00edtulo).\u00a0Para usufruir o benef\u00edcio da Bolsa Social, o interessado deve ser aprovado em um dos processos seletivos da Universidade,\u00a0<a tabindex=\"-1\" href=\"http:\/\/www1.pucminas.br\/processoseletivo\/\" target=\"_blank\" rel=\"external noopener\">Processo Seletivo Cont\u00ednuo 2019<\/a>,\u00a0<a tabindex=\"-1\" href=\"https:\/\/www.pucminas.br\/formas-ingresso\/transferencia-externa\/Paginas\/default.aspx\" target=\"_blank\" rel=\"external noopener\">transfer\u00eancia externa ou obten\u00e7\u00e3o de novo t\u00edtulo<\/a>,\u00a0cujas inscri\u00e7\u00f5es est\u00e3o abertas.<\/p>\n<p>A\u00a0<b>Bolsa Social \u00e9 v\u00e1lida para alguns cursos de gradua\u00e7\u00e3o presenciais<\/b>\u00a0e se destina a qualquer pessoa que comprovadamente n\u00e3o tenha condi\u00e7\u00f5es de arcar com o valor integral das mensalidades do curso; que tenha conclu\u00eddo, pelo menos, o ensino m\u00e9dio; e n\u00e3o possua v\u00ednculo de matr\u00edcula (atual ou passado) com a Universidade. Para o 2\u00ba semestre de 2019, tamb\u00e9m poder\u00e3o se inscrever ex-alunos da PUC Minas que tenham abandonado seus estudos ou cancelado sua matr\u00edcula em cursos de gradua\u00e7\u00e3o h\u00e1 mais de seis semestres da inscri\u00e7\u00e3o no Programa.<\/p>\n<p>Uma vez pr\u00e9-selecionado para a Bolsa Social PUC Minas, o candidato s\u00f3 poder\u00e1 usufruir do benef\u00edcio caso seja aprovado em uma das formas de ingresso na Universidade: vestibulares (nota do Enem ou reda\u00e7\u00e3o), transfer\u00eancia externa ou nova gradua\u00e7\u00e3o (obten\u00e7\u00e3o de novo t\u00edtulo). O candidato pode solicitar a bolsa antes de se submeter a qualquer processo seletivo da Universidade.<\/p>\n<p>O percentual de bolsa a ser concedido ter\u00e1 como base a an\u00e1lise socioecon\u00f4mica, avaliando a renda\u00a0<i>per capita<\/i>, calculada a partir da renda bruta do grupo familiar do solicitante, bem como a entrevista com o candidato.<\/p>\n<p>N\u00e3o h\u00e1 um processo classificat\u00f3rio para concess\u00e3o das bolsas. Os benef\u00edcios ser\u00e3o distribu\u00eddos conforme a ordem cronol\u00f3gica de realiza\u00e7\u00e3o das entrevistas.<\/p>\n<p><strong>Etapas Bolsa Social PUC Minas<\/strong><b><\/p>\n<p><\/b>1\u00ba: solicita\u00e7\u00e3o de bolsa e agendamento de entrevista atrav\u00e9s de formul\u00e1rio on-line.<br \/>\n2\u00ba: entrevista presencial, na unidade da PUC Minas escolhida pelo solicitante.<br \/>\n3\u00ba: defini\u00e7\u00e3o do percentual de Bolsa ao fim da entrevista.<br \/>\n4\u00ba: inscri\u00e7\u00e3o e aprova\u00e7\u00e3o\u00a0em um dos processos seletivos de gradua\u00e7\u00e3o da Universidade para que o candidato ingresse na PUC Minas e possa usufruir da Bolsa Social.<\/p>\n<p><b>Inscri\u00e7\u00f5es para Processo Seletivo Cont\u00ednuo<\/b><\/p>\n<p>A PUC Minas est\u00e1 com inscri\u00e7\u00f5es gratuitas para o Processo Seletivo Cont\u00ednuo, referente ao preenchimento das vagas dos cursos de gradua\u00e7\u00e3o para o 2\u00ba semestre deste ano. As inscri\u00e7\u00f5es ficam abertas at\u00e9 1\u00ba de agosto, pela internet, no\u00a0<a tabindex=\"-1\" href=\"http:\/\/www.pucminas.br\/\" target=\"_blank\" rel=\"external noopener\">pucminas.br<\/a>, e poder\u00e3o ser feitas tanto pelo sistema de prova (Reda\u00e7\u00e3o) quanto pela nota no Exame Nacional do Ensino M\u00e9dio (Enem), anos 2009 a 2018.<\/p>\n<p>O processo seletivo \u00e9 destinado aos cursos de gradua\u00e7\u00e3o ministrados em Belo Horizonte (Barreiro, Cora\u00e7\u00e3o Eucar\u00edstico, Pra\u00e7a da Liberdade, S\u00e3o Gabriel), Betim, Contagem,\u00a0<em>campi<\/em>\u00a0do interior em Arcos, Po\u00e7os de Caldas, Serro, Uberl\u00e2ndia e demais polos de educa\u00e7\u00e3o a dist\u00e2ncia em Curitiba (PR), Ipatinga,\u00a0Juiz de Fora, Manaus (AM), Montes Claros, Recife (PE), Rio de Janeiro (RJ), Salvador (BA) e S\u00e3o Paulo (SP).<\/p>\n<p>O candidato que fizer a inscri\u00e7\u00e3o pelo sistema de prova (Reda\u00e7\u00e3o) ser\u00e1 contatado por telefone, sms ou e-mail, no prazo de at\u00e9 um dia \u00fatil, pela Universidade, para agendamento da avalia\u00e7\u00e3o.<\/p>\n<p>O candidato com necessidades especiais que precise realizar a prova (Reda\u00e7\u00e3o) em condi\u00e7\u00f5es apropriadas dever\u00e1 enviar solicita\u00e7\u00e3o,\u00a0por escrito, at\u00e9 24 horas ap\u00f3s a inscri\u00e7\u00e3o, atrav\u00e9s do e-mail\u00a0<a tabindex=\"-1\" href=\"mailto:crainforma@pucminas.br\" target=\"_blank\" rel=\"external noopener\">crainforma@pucminas.br<\/a>, juntamente com c\u00f3pia do laudo m\u00e9dico, esclarecendo o atendimento pretendido, para as provid\u00eancias poss\u00edveis.<\/p>\n<p>Das vagas em oferta para cada curso, turno, semestre e local, 25% destinam-se aos candidatos que se inscreverem para o processo seletivo realizado por interm\u00e9dio de prova, e 75% aos candidatos que se inscreverem para o processo seletivo realizado por interm\u00e9dio do sistema de classifica\u00e7\u00e3o pelo somat\u00f3rio das notas obtidas no Enem.<\/p>\n<p>Fonte: Assessoria<\/p>\n","protected":false},"excerpt":{"rendered":"<p>Est\u00e3o abertas as inscri\u00e7\u00f5es para interessados em se candidatar \u00e0 Bolsa Social PUC Minas, que poder\u00e1 ser concedida em qualquer percentual at\u00e9 60% sobre o valor da semestralidade do curso de gradua\u00e7\u00e3o. O benef\u00edcio deve ser solicitado pela internet, no\u00a0pucminas.br\/bolsa, endere\u00e7o\u00a0pelo qual ser\u00e1 tamb\u00e9m agendada a entrevista. Est\u00e3o abertas tamb\u00e9m as inscri\u00e7\u00f5es para o processo [&hellip;]<\/p>\n","protected":false},"author":96,"featured_media":0,"comment_status":"closed","ping_status":"closed","sticky":false,"template":"","format":"standard","meta":{"footnotes":""},"categories":[253,436,439],"tags":[],"class_list":["post-142689","post","type-post","status-publish","format-standard","hentry","category-cidade","category-destaque-da-semana","category-ultima-hora"],"_links":{"self":[{"href":"https:\/\/diarioregionaldigital.com.br\/index.php?rest_route=\/wp\/v2\/posts\/142689","targetHints":{"allow":["GET"]}}],"collection":[{"href":"https:\/\/diarioregionaldigital.com.br\/index.php?rest_route=\/wp\/v2\/posts"}],"about":[{"href":"https:\/\/diarioregionaldigital.com.br\/index.php?rest_route=\/wp\/v2\/types\/post"}],"author":[{"embeddable":true,"href":"https:\/\/diarioregionaldigital.com.br\/index.php?rest_route=\/wp\/v2\/users\/96"}],"replies":[{"embeddable":true,"href":"https:\/\/diarioregionaldigital.com.br\/index.php?rest_route=%2Fwp%2Fv2%2Fcomments&post=142689"}],"version-history":[{"count":0,"href":"https:\/\/diarioregionaldigital.com.br\/index.php?rest_route=\/wp\/v2\/posts\/142689\/revisions"}],"wp:attachment":[{"href":"https:\/\/diarioregionaldigital.com.br\/index.php?rest_route=%2Fwp%2Fv2%2Fmedia&parent=142689"}],"wp:term":[{"taxonomy":"category","embeddable":true,"href":"https:\/\/diarioregionaldigital.com.br\/index.php?rest_route=%2Fwp%2Fv2%2Fcategories&post=142689"},{"taxonomy":"post_tag","embeddable":true,"href":"https:\/\/diarioregionaldigital.com.br\/index.php?rest_route=%2Fwp%2Fv2%2Ftags&post=142689"}],"curies":[{"name":"wp","href":"https:\/\/api.w.org\/{rel}","templated":true}]}}