{"id":142676,"date":"2019-06-27T15:40:54","date_gmt":"2019-06-27T18:40:54","guid":{"rendered":"https:\/\/diarioregionaldigital.com.br\/?p=142676"},"modified":"2019-06-27T15:41:21","modified_gmt":"2019-06-27T18:41:21","slug":"secretaria-estadual-de-saude-confirma-segunda-morte-por-gripe-em-juiz-de-fora","status":"publish","type":"post","link":"https:\/\/diarioregionaldigital.com.br\/?p=142676","title":{"rendered":"Secretaria Estadual de Sa\u00fade confirma segunda morte por gripe em Juiz de Fora"},"content":{"rendered":"<p>O novo boletim Epidemiol\u00f3gico da gripe divulgado pela Secretaria de Estado de Sa\u00fade de Minas Gerais (SES-MG) confirmou mais uma morte em decorr\u00eancia de S\u00edndrome Respirat\u00f3ria Aguda Grave (SRAG) causada pelo Influenza, v\u00edrus da gripe, foi registrado no munic\u00edpio de Juiz de Fora.<\/p>\n<p>Dados como nome da segunda v\u00edtima fatal, como idade, sexo e hospital em que foi registrado o \u00f3bito n\u00e3o foram divulgados. Na cidade, al\u00e9m das mortes, outros cinco casos da s\u00edndrome foram confirmados.<\/p>\n<p>Ainda conforme o boletim divulgado na quarta-feira, 26, em Minas Gerais, at\u00e9 o momento, foram notificados 1.802 casos de S\u00edndrome Respirat\u00f3ria Aguda Grave (SRAG hospitalizado), sendo que 338 com amostras j\u00e1 processadas. \u00a0Em 2019, foram confirmados 133 casos de SRAG causados pelo v\u00edrus da gripe, sendo 132 amostras processadas e um por v\u00ednculo epidemiol\u00f3gico. E deste total, 22 evolu\u00edram para \u00f3bito.<\/p>\n<p>Ainda conforme os dados, as mortes foram causadas pelo tipo A do Influenza, exceto um dos casos, cujo tipo n\u00e3o foi identificado. Os munic\u00edpios que registram \u00f3bitos de SRAG por influenza foram Belo Horizonte (7), Jo\u00e3o Monlevade (2), Juiz de Fora (2), Conselheiro Lafaiete (1), Tim\u00f3teo (1), Sabar\u00e1 (1), Campo Belo (1), Uberl\u00e2ndia (1), Santa Rita de Jacutinga (1), Pedralva (1), Prata (1), Leopoldina (1), Andrel\u00e2ndia (1) e Mariana (1).<\/p>\n","protected":false},"excerpt":{"rendered":"<p>O novo boletim Epidemiol\u00f3gico da gripe divulgado pela Secretaria de Estado de Sa\u00fade de Minas Gerais (SES-MG) confirmou mais uma morte em decorr\u00eancia de S\u00edndrome Respirat\u00f3ria Aguda Grave (SRAG) causada pelo Influenza, v\u00edrus da gripe, foi registrado no munic\u00edpio de Juiz de Fora. Dados como nome da segunda v\u00edtima fatal, como idade, sexo e hospital [&hellip;]<\/p>\n","protected":false},"author":96,"featured_media":142677,"comment_status":"closed","ping_status":"closed","sticky":false,"template":"","format":"standard","meta":{"footnotes":""},"categories":[253,436,440,439],"tags":[],"class_list":["post-142676","post","type-post","status-publish","format-standard","has-post-thumbnail","hentry","category-cidade","category-destaque-da-semana","category-destaques-do-dia","category-ultima-hora"],"_links":{"self":[{"href":"https:\/\/diarioregionaldigital.com.br\/index.php?rest_route=\/wp\/v2\/posts\/142676","targetHints":{"allow":["GET"]}}],"collection":[{"href":"https:\/\/diarioregionaldigital.com.br\/index.php?rest_route=\/wp\/v2\/posts"}],"about":[{"href":"https:\/\/diarioregionaldigital.com.br\/index.php?rest_route=\/wp\/v2\/types\/post"}],"author":[{"embeddable":true,"href":"https:\/\/diarioregionaldigital.com.br\/index.php?rest_route=\/wp\/v2\/users\/96"}],"replies":[{"embeddable":true,"href":"https:\/\/diarioregionaldigital.com.br\/index.php?rest_route=%2Fwp%2Fv2%2Fcomments&post=142676"}],"version-history":[{"count":0,"href":"https:\/\/diarioregionaldigital.com.br\/index.php?rest_route=\/wp\/v2\/posts\/142676\/revisions"}],"wp:featuredmedia":[{"embeddable":true,"href":"https:\/\/diarioregionaldigital.com.br\/index.php?rest_route=\/wp\/v2\/media\/142677"}],"wp:attachment":[{"href":"https:\/\/diarioregionaldigital.com.br\/index.php?rest_route=%2Fwp%2Fv2%2Fmedia&parent=142676"}],"wp:term":[{"taxonomy":"category","embeddable":true,"href":"https:\/\/diarioregionaldigital.com.br\/index.php?rest_route=%2Fwp%2Fv2%2Fcategories&post=142676"},{"taxonomy":"post_tag","embeddable":true,"href":"https:\/\/diarioregionaldigital.com.br\/index.php?rest_route=%2Fwp%2Fv2%2Ftags&post=142676"}],"curies":[{"name":"wp","href":"https:\/\/api.w.org\/{rel}","templated":true}]}}