{"id":142674,"date":"2019-06-27T15:32:11","date_gmt":"2019-06-27T18:32:11","guid":{"rendered":"https:\/\/diarioregionaldigital.com.br\/?p=142674"},"modified":"2019-06-27T15:32:11","modified_gmt":"2019-06-27T18:32:11","slug":"indice-usado-nos-contratos-de-aluguel-acumula-inflacao-de-651","status":"publish","type":"post","link":"https:\/\/diarioregionaldigital.com.br\/?p=142674","title":{"rendered":"\u00cdndice usado nos contratos de aluguel acumula infla\u00e7\u00e3o de 6,51%"},"content":{"rendered":"<p>O \u00cdndice Geral de Pre\u00e7os \u2013 Mercado (IGP-M), usado no reajuste dos contratos de aluguel, registrou infla\u00e7\u00e3o de 0,80% em junho deste ano, percentual superior ao apurado em maio (0,45%). De acordo com a Funda\u00e7\u00e3o Getulio Vargas (FGV), com o resultado o IGP-M acumula taxas de 4,38% no ano e de 6,51% em 12 meses.<\/p>\n<p>A alta da taxa foi puxada pelos pre\u00e7os no atacado e na constru\u00e7\u00e3o civil. A infla\u00e7\u00e3o do \u00cdndice de Pre\u00e7os ao Produtor Amplo, que mede o atacado, passou de 0,54% em maio para 1,16% em junho.<\/p>\n<p>O \u00cdndice Nacional de Custo da Constru\u00e7\u00e3o subiu de 0,09% em maio para 0,44% em junho.<\/p>\n<p>O \u00cdndice de Pre\u00e7os ao Consumidor, que mede o varejo, registrou defla\u00e7\u00e3o (queda de pre\u00e7os) de 0,07% em junho. Em maio, o sub\u00edndice havia registrado infla\u00e7\u00e3o de 0,35%.<\/p>\n<p>Fonte: Ag\u00eancia Brasil<\/p>\n","protected":false},"excerpt":{"rendered":"<p>O \u00cdndice Geral de Pre\u00e7os \u2013 Mercado (IGP-M), usado no reajuste dos contratos de aluguel, registrou infla\u00e7\u00e3o de 0,80% em junho deste ano, percentual superior ao apurado em maio (0,45%). De acordo com a Funda\u00e7\u00e3o Getulio Vargas (FGV), com o resultado o IGP-M acumula taxas de 4,38% no ano e de 6,51% em 12 meses. [&hellip;]<\/p>\n","protected":false},"author":96,"featured_media":139446,"comment_status":"closed","ping_status":"closed","sticky":false,"template":"","format":"standard","meta":{"footnotes":""},"categories":[436,261,439],"tags":[],"class_list":["post-142674","post","type-post","status-publish","format-standard","has-post-thumbnail","hentry","category-destaque-da-semana","category-economia","category-ultima-hora"],"_links":{"self":[{"href":"https:\/\/diarioregionaldigital.com.br\/index.php?rest_route=\/wp\/v2\/posts\/142674","targetHints":{"allow":["GET"]}}],"collection":[{"href":"https:\/\/diarioregionaldigital.com.br\/index.php?rest_route=\/wp\/v2\/posts"}],"about":[{"href":"https:\/\/diarioregionaldigital.com.br\/index.php?rest_route=\/wp\/v2\/types\/post"}],"author":[{"embeddable":true,"href":"https:\/\/diarioregionaldigital.com.br\/index.php?rest_route=\/wp\/v2\/users\/96"}],"replies":[{"embeddable":true,"href":"https:\/\/diarioregionaldigital.com.br\/index.php?rest_route=%2Fwp%2Fv2%2Fcomments&post=142674"}],"version-history":[{"count":0,"href":"https:\/\/diarioregionaldigital.com.br\/index.php?rest_route=\/wp\/v2\/posts\/142674\/revisions"}],"wp:featuredmedia":[{"embeddable":true,"href":"https:\/\/diarioregionaldigital.com.br\/index.php?rest_route=\/wp\/v2\/media\/139446"}],"wp:attachment":[{"href":"https:\/\/diarioregionaldigital.com.br\/index.php?rest_route=%2Fwp%2Fv2%2Fmedia&parent=142674"}],"wp:term":[{"taxonomy":"category","embeddable":true,"href":"https:\/\/diarioregionaldigital.com.br\/index.php?rest_route=%2Fwp%2Fv2%2Fcategories&post=142674"},{"taxonomy":"post_tag","embeddable":true,"href":"https:\/\/diarioregionaldigital.com.br\/index.php?rest_route=%2Fwp%2Fv2%2Ftags&post=142674"}],"curies":[{"name":"wp","href":"https:\/\/api.w.org\/{rel}","templated":true}]}}