{"id":142673,"date":"2019-06-27T15:15:13","date_gmt":"2019-06-27T18:15:13","guid":{"rendered":"https:\/\/diarioregionaldigital.com.br\/?p=142673"},"modified":"2019-06-27T15:52:46","modified_gmt":"2019-06-27T18:52:46","slug":"pesquisa-mostra-que-32-consideram-governo-bolsonaro-otimo-ou-bom","status":"publish","type":"post","link":"https:\/\/diarioregionaldigital.com.br\/?p=142673","title":{"rendered":"Pesquisa mostra que 32% consideram governo Bolsonaro \u00f3timo ou bom"},"content":{"rendered":"<p>Pesquisa da Confedera\u00e7\u00e3o Nacional da Ind\u00fastria (CNI), divulgada hoje (27), indica que 32% dos entrevistados consideram o governo Jair Bolsonaro \u00f3timo ou bom. O mesmo percentual, 32%, avaliou a administra\u00e7\u00e3o atual como regular e outros 32% definiram a condu\u00e7\u00e3o do Executivo como ruim ou p\u00e9ssima. Do total, 3% disseram n\u00e3o saber ou n\u00e3o responderam.<\/p>\n<p>O levantamento da Confedera\u00e7\u00e3o Nacional da Ind\u00fastria (CNI) foi realizado entre 20 e 25 deste m\u00eas, ouvindo 2 mil pessoas em 126 cidades do pa\u00eds.<\/p>\n<p>Os n\u00fameros de aprova\u00e7\u00e3o s\u00e3o menores do que os registrados no \u00faltimo levantamento, divulgado em abril deste ano. Naquela sondagem, o governo Bolsonaro foi considerado \u00f3timo ou bom por 35% dos entrevistados. Segundo a pesquisa, 31% avaliaram a gest\u00e3o como regular e 27% como ruim ou p\u00e9ssima. Da amostra, 7% n\u00e3o responderam.<\/p>\n<p>Segundo os autores da pesquisa, a queda de popularidade do governo foi maior entre pessoas com escolaridade at\u00e9 a 4\u00aa s\u00e9rie, de menor renda, residentes nas regi\u00f5es Norte, Centro-Oeste e Nordeste e entre mulheres.<\/p>\n<h2>Forma de governar<\/h2>\n<p>A maneira de governar de Bolsonaro foi aprovada por 46% dos entrevistados e reprovada por 48% dos participantes da consulta. Na pesquisa de abril, 51% aprovaram a forma de governar do presidente e 40% desaprovaram.<\/p>\n<p>O levantamento tamb\u00e9m mediu a confian\u00e7a das pessoas no chefe do Executivo: 51% responderam n\u00e3o confiar no presidente, enquanto 46% mostraram confian\u00e7a. No tocante \u00e0s perspectivas para o restante do mandato, 39% responderam que deve ser \u00f3timo ou bom; 27%, que deve ser regular e 29% acham que deve ser ruim ou p\u00e9ssimo.<\/p>\n<p>Na pesquisa anterior, a confian\u00e7a no mandat\u00e1rio ficou em 51%, enquanto 45% responderam n\u00e3o confiar nele. Na an\u00e1lise das expectativas sobre o restante do mandato naquela consulta, 45% manifestaram uma proje\u00e7\u00e3o \u00f3tima ou boa, 25% regular e 23% ruim ou p\u00e9ssima.<\/p>\n<h2>Avalia\u00e7\u00e3o por \u00e1reas<\/h2>\n<p>As \u00e1reas mais bem avaliadas na gest\u00e3o atual foram seguran\u00e7a p\u00fablica (54%), meio ambiente (46%), combate \u00e0 infla\u00e7\u00e3o (45%) e combate \u00e0 fome e pobreza (43%). J\u00e1 as mais reprovadas foram taxa de juros (59%), impostos (61%), sa\u00fade (56%) e combate ao desemprego (54%).<\/p>\n<p>Fonte: Ag\u00eancia Brasil<\/p>\n","protected":false},"excerpt":{"rendered":"<p>Pesquisa da Confedera\u00e7\u00e3o Nacional da Ind\u00fastria (CNI), divulgada hoje (27), indica que 32% dos entrevistados consideram o governo Jair Bolsonaro \u00f3timo ou bom. O mesmo percentual, 32%, avaliou a administra\u00e7\u00e3o atual como regular e outros 32% definiram a condu\u00e7\u00e3o do Executivo como ruim ou p\u00e9ssima. Do total, 3% disseram n\u00e3o saber ou n\u00e3o responderam. O [&hellip;]<\/p>\n","protected":false},"author":96,"featured_media":136309,"comment_status":"closed","ping_status":"closed","sticky":false,"template":"","format":"standard","meta":{"footnotes":""},"categories":[436,440,254,439],"tags":[],"class_list":["post-142673","post","type-post","status-publish","format-standard","has-post-thumbnail","hentry","category-destaque-da-semana","category-destaques-do-dia","category-politica","category-ultima-hora"],"_links":{"self":[{"href":"https:\/\/diarioregionaldigital.com.br\/index.php?rest_route=\/wp\/v2\/posts\/142673","targetHints":{"allow":["GET"]}}],"collection":[{"href":"https:\/\/diarioregionaldigital.com.br\/index.php?rest_route=\/wp\/v2\/posts"}],"about":[{"href":"https:\/\/diarioregionaldigital.com.br\/index.php?rest_route=\/wp\/v2\/types\/post"}],"author":[{"embeddable":true,"href":"https:\/\/diarioregionaldigital.com.br\/index.php?rest_route=\/wp\/v2\/users\/96"}],"replies":[{"embeddable":true,"href":"https:\/\/diarioregionaldigital.com.br\/index.php?rest_route=%2Fwp%2Fv2%2Fcomments&post=142673"}],"version-history":[{"count":0,"href":"https:\/\/diarioregionaldigital.com.br\/index.php?rest_route=\/wp\/v2\/posts\/142673\/revisions"}],"wp:featuredmedia":[{"embeddable":true,"href":"https:\/\/diarioregionaldigital.com.br\/index.php?rest_route=\/wp\/v2\/media\/136309"}],"wp:attachment":[{"href":"https:\/\/diarioregionaldigital.com.br\/index.php?rest_route=%2Fwp%2Fv2%2Fmedia&parent=142673"}],"wp:term":[{"taxonomy":"category","embeddable":true,"href":"https:\/\/diarioregionaldigital.com.br\/index.php?rest_route=%2Fwp%2Fv2%2Fcategories&post=142673"},{"taxonomy":"post_tag","embeddable":true,"href":"https:\/\/diarioregionaldigital.com.br\/index.php?rest_route=%2Fwp%2Fv2%2Ftags&post=142673"}],"curies":[{"name":"wp","href":"https:\/\/api.w.org\/{rel}","templated":true}]}}