{"id":142667,"date":"2019-06-27T15:12:57","date_gmt":"2019-06-27T18:12:57","guid":{"rendered":"https:\/\/diarioregionaldigital.com.br\/?p=142667"},"modified":"2019-06-27T15:12:57","modified_gmt":"2019-06-27T18:12:57","slug":"credito-concedido-pelos-bancos-deve-crescer-65-este-ano","status":"publish","type":"post","link":"https:\/\/diarioregionaldigital.com.br\/?p=142667","title":{"rendered":"Cr\u00e9dito concedido pelos bancos deve crescer 6,5% este ano"},"content":{"rendered":"<p>O saldo do cr\u00e9dito concedido pelos bancos deve crescer 6,5% este ano. A estimativa do Banco Central (BC) \u00e9 menor do que a divulgada em mar\u00e7o, de 7,2%. A nova proje\u00e7\u00e3o conta do Relat\u00f3rio de Infla\u00e7\u00e3o, publica\u00e7\u00e3o trimestral do Banco Central (BC), divulgado hoje (27).<\/p>\n<p>Em 2018, o saldo do cr\u00e9dito cresceu 5,1%, ap\u00f3s contra\u00e7\u00e3o de 0,5% registrada em 2017. De acordo com dados do BC, este ano, o estoque de todos os\u00a0empr\u00e9stimos concedidos pelos bancos\u00a0j\u00e1 acumula alta de 0,9%.<\/p>\n<p>Para o BC, o saldo do cr\u00e9dito para as pessoas f\u00edsicas deve crescer 9,7%, mesma proje\u00e7\u00e3o do relat\u00f3rio de mar\u00e7o. \u201cEssas proje\u00e7\u00f5es est\u00e3o em linha com a manuten\u00e7\u00e3o de n\u00edveis confort\u00e1veis de inadimpl\u00eancia e de comprometimento de renda das fam\u00edlias com servi\u00e7os financeiros e consideram continuidade do crescimento das principais modalidades de cr\u00e9dito livre (ve\u00edculos, cr\u00e9dito pessoal e cart\u00e3o de cr\u00e9dito) em patamares pr\u00f3ximos aos atuais\u201d, diz o relat\u00f3rio.<\/p>\n<p>Para as empresas, o BC revisou o crescimento do cr\u00e9dito de 4,1% para 2,5%, devido \u00e0 evolu\u00e7\u00e3o modesta do cr\u00e9dito nesse segmento no segundo trimestre do ano. \u201cO desempenho do mercado de cr\u00e9dito a pessoas jur\u00eddicas reflete o menor dinamismo da atividade econ\u00f4mica\u201d, diz o BC.<\/p>\n<p>Para o cr\u00e9dito livre (em que os bancos t\u00eam autonomia para emprestar o dinheiro captado no mercado e para definir as taxas de juros), a proje\u00e7\u00e3o de expans\u00e3o \u00e9 11,6%, com aumentos de 13% e 10% para os saldos de empr\u00e9stimos a pessoas f\u00edsicas e jur\u00eddicas, respectivamente.<\/p>\n<p>A expectativa para o cr\u00e9dito direcionado (empr\u00e9stimos com regras definidas pelo governo, destinados, basicamente, aos setores habitacional, rural e de infraestrutura) \u00e9 0,4% em 2019, com aumento de 6% para as pessoas f\u00edsicas e redu\u00e7\u00e3o de 7% para as empresas.<\/p>\n<p>O BC destaca que as proje\u00e7\u00f5es s\u00e3o sustentadas pelas opera\u00e7\u00f5es com recursos livres, \u201cenquanto as opera\u00e7\u00f5es com recursos direcionados devem continuar impactadas pelo fraco desempenho entre as pessoas jur\u00eddicas\u201d. \u201cEsse cen\u00e1rio \u00e9 compat\u00edvel com a continuidade do processo de queda na participa\u00e7\u00e3o dos bancos p\u00fablicos no total do saldo das opera\u00e7\u00f5es de cr\u00e9dito\u201d, diz o relat\u00f3rio.<\/p>\n<p>Fonte: Ag\u00eancia Brasil<\/p>\n","protected":false},"excerpt":{"rendered":"<p>O saldo do cr\u00e9dito concedido pelos bancos deve crescer 6,5% este ano. A estimativa do Banco Central (BC) \u00e9 menor do que a divulgada em mar\u00e7o, de 7,2%. A nova proje\u00e7\u00e3o conta do Relat\u00f3rio de Infla\u00e7\u00e3o, publica\u00e7\u00e3o trimestral do Banco Central (BC), divulgado hoje (27). Em 2018, o saldo do cr\u00e9dito cresceu 5,1%, ap\u00f3s contra\u00e7\u00e3o [&hellip;]<\/p>\n","protected":false},"author":96,"featured_media":142668,"comment_status":"closed","ping_status":"closed","sticky":false,"template":"","format":"standard","meta":{"footnotes":""},"categories":[436,261,439],"tags":[],"class_list":["post-142667","post","type-post","status-publish","format-standard","has-post-thumbnail","hentry","category-destaque-da-semana","category-economia","category-ultima-hora"],"_links":{"self":[{"href":"https:\/\/diarioregionaldigital.com.br\/index.php?rest_route=\/wp\/v2\/posts\/142667","targetHints":{"allow":["GET"]}}],"collection":[{"href":"https:\/\/diarioregionaldigital.com.br\/index.php?rest_route=\/wp\/v2\/posts"}],"about":[{"href":"https:\/\/diarioregionaldigital.com.br\/index.php?rest_route=\/wp\/v2\/types\/post"}],"author":[{"embeddable":true,"href":"https:\/\/diarioregionaldigital.com.br\/index.php?rest_route=\/wp\/v2\/users\/96"}],"replies":[{"embeddable":true,"href":"https:\/\/diarioregionaldigital.com.br\/index.php?rest_route=%2Fwp%2Fv2%2Fcomments&post=142667"}],"version-history":[{"count":0,"href":"https:\/\/diarioregionaldigital.com.br\/index.php?rest_route=\/wp\/v2\/posts\/142667\/revisions"}],"wp:featuredmedia":[{"embeddable":true,"href":"https:\/\/diarioregionaldigital.com.br\/index.php?rest_route=\/wp\/v2\/media\/142668"}],"wp:attachment":[{"href":"https:\/\/diarioregionaldigital.com.br\/index.php?rest_route=%2Fwp%2Fv2%2Fmedia&parent=142667"}],"wp:term":[{"taxonomy":"category","embeddable":true,"href":"https:\/\/diarioregionaldigital.com.br\/index.php?rest_route=%2Fwp%2Fv2%2Fcategories&post=142667"},{"taxonomy":"post_tag","embeddable":true,"href":"https:\/\/diarioregionaldigital.com.br\/index.php?rest_route=%2Fwp%2Fv2%2Ftags&post=142667"}],"curies":[{"name":"wp","href":"https:\/\/api.w.org\/{rel}","templated":true}]}}