{"id":142661,"date":"2019-06-27T14:55:01","date_gmt":"2019-06-27T17:55:01","guid":{"rendered":"https:\/\/diarioregionaldigital.com.br\/?p=142661"},"modified":"2019-06-27T14:55:01","modified_gmt":"2019-06-27T17:55:01","slug":"senado-aprova-ampliacao-da-posse-de-armas-em-propriedades-rurais","status":"publish","type":"post","link":"https:\/\/diarioregionaldigital.com.br\/?p=142661","title":{"rendered":"Senado aprova amplia\u00e7\u00e3o da posse de armas em propriedades rurais"},"content":{"rendered":"<p>O plen\u00e1rio do Senado aprovou na noite de hoje (26), em vota\u00e7\u00e3o simb\u00f3lica, o projeto de lei (PL 3.715\/2019) que estende a posse de armas na zona rural para toda a \u00e1rea da propriedade, e n\u00e3o apenas para a sede.\u00a0 O projeto segue agora para a C\u00e2mara dos Deputados.<\/p>\n<p>A\u00a0proposta aprovada, de autoria do senador Marcos Rog\u00e9rio (DEM-RO) e relatada pelo senador Alessandro Vieira (Cidadania-SE), havia sido apreciada horas antes na Comiss\u00e3o de Constitui\u00e7\u00e3o e Justi\u00e7a (CCJ), onde n\u00e3o houve manifesta\u00e7\u00f5es divergentes.<\/p>\n<p>Logo ap\u00f3s a aprova\u00e7\u00e3o do texto, o senador Marcelo Castro (MDB-PI) destacou que o projeto aborda apenas as propriedades rurais, e n\u00e3o urbanas. \u201c\u00c9 necess\u00e1rio que na propriedade rural as pessoas, os propriet\u00e1rios, tenham sua arma para sua defesa pessoal. Dentro de casa e dentro da sua propriedade. Estamos chamando aqui de posse estendida. N\u00e3o estamos tratando do porte de arma na rua, na zona urbana, que \u00e9 coisa completamente distinta\u201d.<\/p>\n<p>Ontem (25) o presidente Jair Bolsonaro\u00a0revogou\u00a0decreto sobre compra, porte e posse de armas de fogo e editou outros tr\u00eas sobre o mesmo tema.<\/p>\n<h2>Redu\u00e7\u00e3o de idade<\/h2>\n<p>Em seguida, o Senado votou outro projeto, relatado por S\u00e9rgio Petec\u00e3o (PSD-AC) em 2017. O projeto reduz de 25 para 21 anos a idade m\u00ednima para posse de arma de fogo em propriedade rural. O Projeto de Lei do Senado n\u00ba 224\/2017 foi aprovado por 38 votos a 4. Al\u00e9m disso, os senadores alteraram o texto e retiraram a limita\u00e7\u00e3o de apenas uma arma por propriet\u00e1rio.<\/p>\n<p>Alguns parlamentares questionaram o pouco tempo para analisar o projeto detalhadamente, uma vez que ele foi inclu\u00eddo na pauta pouco antes da sess\u00e3o pelo presidente da Casa, Davi Alcolumbre (DEM-AP). Ele atendeu um pedido de Petec\u00e3o, que argumentou que seu relat\u00f3rio estava pronto para ser votado antes mesmo do projeto de Marcos Rog\u00e9rio. O projeto foi discutido e aprovado em cerca de meia hora.<\/p>\n<p>Fonte: Ag\u00eancia Brasil<\/p>\n","protected":false},"excerpt":{"rendered":"<p>O plen\u00e1rio do Senado aprovou na noite de hoje (26), em vota\u00e7\u00e3o simb\u00f3lica, o projeto de lei (PL 3.715\/2019) que estende a posse de armas na zona rural para toda a \u00e1rea da propriedade, e n\u00e3o apenas para a sede.\u00a0 O projeto segue agora para a C\u00e2mara dos Deputados. A\u00a0proposta aprovada, de autoria do senador [&hellip;]<\/p>\n","protected":false},"author":96,"featured_media":97343,"comment_status":"closed","ping_status":"closed","sticky":false,"template":"","format":"standard","meta":{"footnotes":""},"categories":[436,254,439],"tags":[],"class_list":["post-142661","post","type-post","status-publish","format-standard","has-post-thumbnail","hentry","category-destaque-da-semana","category-politica","category-ultima-hora"],"_links":{"self":[{"href":"https:\/\/diarioregionaldigital.com.br\/index.php?rest_route=\/wp\/v2\/posts\/142661","targetHints":{"allow":["GET"]}}],"collection":[{"href":"https:\/\/diarioregionaldigital.com.br\/index.php?rest_route=\/wp\/v2\/posts"}],"about":[{"href":"https:\/\/diarioregionaldigital.com.br\/index.php?rest_route=\/wp\/v2\/types\/post"}],"author":[{"embeddable":true,"href":"https:\/\/diarioregionaldigital.com.br\/index.php?rest_route=\/wp\/v2\/users\/96"}],"replies":[{"embeddable":true,"href":"https:\/\/diarioregionaldigital.com.br\/index.php?rest_route=%2Fwp%2Fv2%2Fcomments&post=142661"}],"version-history":[{"count":0,"href":"https:\/\/diarioregionaldigital.com.br\/index.php?rest_route=\/wp\/v2\/posts\/142661\/revisions"}],"wp:featuredmedia":[{"embeddable":true,"href":"https:\/\/diarioregionaldigital.com.br\/index.php?rest_route=\/wp\/v2\/media\/97343"}],"wp:attachment":[{"href":"https:\/\/diarioregionaldigital.com.br\/index.php?rest_route=%2Fwp%2Fv2%2Fmedia&parent=142661"}],"wp:term":[{"taxonomy":"category","embeddable":true,"href":"https:\/\/diarioregionaldigital.com.br\/index.php?rest_route=%2Fwp%2Fv2%2Fcategories&post=142661"},{"taxonomy":"post_tag","embeddable":true,"href":"https:\/\/diarioregionaldigital.com.br\/index.php?rest_route=%2Fwp%2Fv2%2Ftags&post=142661"}],"curies":[{"name":"wp","href":"https:\/\/api.w.org\/{rel}","templated":true}]}}