{"id":142531,"date":"2019-07-01T07:45:42","date_gmt":"2019-07-01T10:45:42","guid":{"rendered":"https:\/\/diarioregionaldigital.com.br\/?p=142531"},"modified":"2019-07-01T17:05:44","modified_gmt":"2019-07-01T20:05:44","slug":"recadastramento-biometrico-na-camara-e-retomado-nesta-segunda-feira","status":"publish","type":"post","link":"https:\/\/diarioregionaldigital.com.br\/?p=142531","title":{"rendered":"Recadastramento biom\u00e9trico na C\u00e2mara \u00e9 retomado nesta segunda-feira"},"content":{"rendered":"<p>O processo de recadastramento biom\u00e9trico obrigat\u00f3rio realizado na C\u00e2mara Municipal de Juiz de Fora foi retomado nesta segunda-feira, 1\u00ba de julho. O servi\u00e7o precisou ser interrompido no dia 3 de junho ap\u00f3s uma chuva. Uma das calhas do pr\u00e9dio estava entupida, o que causou vazamento em sua estrutura, e provocou a queda de parte do forro da sala disponibilizada para o servi\u00e7o de biometria. Sendo assim, o local teve que ser esvaziado, para uma reforma imediata.<\/p>\n<p>Desde o \u00faltimo dia, 28, os interessados em realizar o recadastramento biom\u00e9trico j\u00e1 podiam agendar o hor\u00e1rio de atendimento por meio do site do Tribunal Regional Eleitoral (TRE). Conforme as informa\u00e7\u00f5es da C\u00e2mara Municipal, a parceria com o TRE tem o objetivo de facilitar o acesso dos cidad\u00e3os aos pontos de recadastramento. A Casa disponibilizou tr\u00eas salas para atendimento e cedeu 12 funcion\u00e1rios que foram treinados para realizar o processo.<\/p>\n<p>O atendimento do TRE funciona de 12h \u00e0s 18h. Ao todo, s\u00e3o 26 guich\u00eas dispon\u00edveis para recadastramento e o atendimento dura entre 8 e 10 minutos.\u00a0 No dia do recadastramento biom\u00e9trico \u00e9 preciso apresentar RG, comprovante de resid\u00eancia, t\u00edtulo eleitoral (se j\u00e1 possuir) e CPF.Aqueles que n\u00e3o fizeram o agendamento pr\u00e9vio podem aguardar na fila, respeitando a ordem de chegada e a prioridade para pessoas idosas, gestantes e para pessoas com defici\u00eancia.<\/p>\n<p>Os eleitores de Juiz de Fora que n\u00e3o realizarem o procedimento ter\u00e3o o t\u00edtulo de eleitor cancelado. Quem j\u00e1 fez a coleta de dados biom\u00e9tricos entre 29 de setembro de 2015 e 31 de janeiro de 2019 ter\u00e3o seus dados aproveitados e n\u00e3o precisam fazer o recadastramento.<\/p>\n<p>&nbsp;<\/p>\n","protected":false},"excerpt":{"rendered":"<p>O processo de recadastramento biom\u00e9trico obrigat\u00f3rio realizado na C\u00e2mara Municipal de Juiz de Fora foi retomado nesta segunda-feira, 1\u00ba de julho. O servi\u00e7o precisou ser interrompido no dia 3 de junho ap\u00f3s uma chuva. Uma das calhas do pr\u00e9dio estava entupida, o que causou vazamento em sua estrutura, e provocou a queda de parte do [&hellip;]<\/p>\n","protected":false},"author":96,"featured_media":142532,"comment_status":"closed","ping_status":"closed","sticky":false,"template":"","format":"standard","meta":{"footnotes":""},"categories":[253,436,440,439],"tags":[],"class_list":["post-142531","post","type-post","status-publish","format-standard","has-post-thumbnail","hentry","category-cidade","category-destaque-da-semana","category-destaques-do-dia","category-ultima-hora"],"_links":{"self":[{"href":"https:\/\/diarioregionaldigital.com.br\/index.php?rest_route=\/wp\/v2\/posts\/142531","targetHints":{"allow":["GET"]}}],"collection":[{"href":"https:\/\/diarioregionaldigital.com.br\/index.php?rest_route=\/wp\/v2\/posts"}],"about":[{"href":"https:\/\/diarioregionaldigital.com.br\/index.php?rest_route=\/wp\/v2\/types\/post"}],"author":[{"embeddable":true,"href":"https:\/\/diarioregionaldigital.com.br\/index.php?rest_route=\/wp\/v2\/users\/96"}],"replies":[{"embeddable":true,"href":"https:\/\/diarioregionaldigital.com.br\/index.php?rest_route=%2Fwp%2Fv2%2Fcomments&post=142531"}],"version-history":[{"count":0,"href":"https:\/\/diarioregionaldigital.com.br\/index.php?rest_route=\/wp\/v2\/posts\/142531\/revisions"}],"wp:featuredmedia":[{"embeddable":true,"href":"https:\/\/diarioregionaldigital.com.br\/index.php?rest_route=\/wp\/v2\/media\/142532"}],"wp:attachment":[{"href":"https:\/\/diarioregionaldigital.com.br\/index.php?rest_route=%2Fwp%2Fv2%2Fmedia&parent=142531"}],"wp:term":[{"taxonomy":"category","embeddable":true,"href":"https:\/\/diarioregionaldigital.com.br\/index.php?rest_route=%2Fwp%2Fv2%2Fcategories&post=142531"},{"taxonomy":"post_tag","embeddable":true,"href":"https:\/\/diarioregionaldigital.com.br\/index.php?rest_route=%2Fwp%2Fv2%2Ftags&post=142531"}],"curies":[{"name":"wp","href":"https:\/\/api.w.org\/{rel}","templated":true}]}}