{"id":142432,"date":"2019-06-24T17:52:56","date_gmt":"2019-06-24T20:52:56","guid":{"rendered":"https:\/\/diarioregionaldigital.com.br\/?p=142432"},"modified":"2019-06-24T17:52:56","modified_gmt":"2019-06-24T20:52:56","slug":"camara-abre-frente-parlamentar-para-conscientizar-a-populacao-contra-a-dengue","status":"publish","type":"post","link":"https:\/\/diarioregionaldigital.com.br\/?p=142432","title":{"rendered":"C\u00e2mara abre Frente Parlamentar para conscientizar a popula\u00e7\u00e3o contra a Dengue"},"content":{"rendered":"<p>Com o objetivo de mobilizar a\u00e7\u00f5es de combate a dengue entre a popula\u00e7\u00e3o, a vereadora Ana do Pde. Frederico prop\u00f4s a cria\u00e7\u00e3o de uma Frente Parlamentar para conscientizar os juiz-foranos. A Frente contar\u00e1 com a participa\u00e7\u00e3o dos vereadores Marlon Siqueira (MDB) e Wanderson Castelar (PT), al\u00e9m de representantes da sociedade civil, de associa\u00e7\u00f5es e de \u00f3rg\u00e3os p\u00fablicos.<\/p>\n<p>Neste ano, Juiz de Fora j\u00e1 registra sete mortes por dengue confirmadas pela Secretaria Estadual de Sa\u00fade. Ana ressalta que os \u00f3rg\u00e3os p\u00fablicos est\u00e3o realizando campanhas e trabalhos juntos as comunidades mas que \u00e9 preciso o esfor\u00e7o de todos. \u201cN\u00f3s sempre achamos que nada ir\u00e1 nos acontecer. Mas \u00e9 necess\u00e1rio que cada morador tenha consci\u00eancia do perigo da dengue e que alerte seus vizinhos\u201d, comenta.<\/p>\n<p>No total, j\u00e1 s\u00e3o 23 participantes confirmados para Frente Parlamentar, al\u00e9m dos tr\u00eas vereadores. Entre as associa\u00e7\u00f5es e \u00f3rg\u00e3os p\u00fablicos com participa\u00e7\u00e3o confirmada est\u00e3o as Secretarias de Sa\u00fade,\u00a0 de Educa\u00e7\u00e3o, de Tr\u00e2nsito, de Obras, a Associa\u00e7\u00e3o dos Aposentados, a Ordem dos Advogados do Brasil e o Departamento Municipal de Limpeza Urbana (Demlurb). \u201cO nosso objetivo \u00e9 conscientizar as pessoas de que se cada um dedicar um pouquinho mais de aten\u00e7\u00e3o e observar dentro da sua pr\u00f3pria casa, podemos evitar a contamina\u00e7\u00e3o da dengue\u201d, explica Ana.<\/p>\n<p>A Frente Parlamentar pretende realizar visitas em institui\u00e7\u00f5es como igrejas, escolas e associa\u00e7\u00f5es para informar a popula\u00e7\u00e3o como se prevenir contra a dengue e quais atitudes tomar para evitar focos do mosquito Aedes Aegypti. \u201cTentaremos atingir as crian\u00e7as nas escolas, pois atrav\u00e9s delas vamos conseguir trabalhar a conscientiza\u00e7\u00e3o nas pessoas adultas\u201d, pontua a vereadora.<\/p>\n<p>Ana solicitou uma audi\u00eancia p\u00fablica para discutir o combate contra a dengue em Juiz de Fora. A data provavelme ser\u00e1 marcada para o in\u00edcio do pr\u00f3ximo per\u00edodo legislativo. Durante a audi\u00eancia, a Frente Parlamentar ir\u00e1 montar o cronograma de atividades.<\/p>\n<p>&nbsp;<\/p>\n<p>Fonte: CMJF<\/p>\n","protected":false},"excerpt":{"rendered":"<p>Com o objetivo de mobilizar a\u00e7\u00f5es de combate a dengue entre a popula\u00e7\u00e3o, a vereadora Ana do Pde. Frederico prop\u00f4s a cria\u00e7\u00e3o de uma Frente Parlamentar para conscientizar os juiz-foranos. A Frente contar\u00e1 com a participa\u00e7\u00e3o dos vereadores Marlon Siqueira (MDB) e Wanderson Castelar (PT), al\u00e9m de representantes da sociedade civil, de associa\u00e7\u00f5es e de [&hellip;]<\/p>\n","protected":false},"author":96,"featured_media":142434,"comment_status":"closed","ping_status":"closed","sticky":false,"template":"","format":"standard","meta":{"footnotes":""},"categories":[253,436,439],"tags":[],"class_list":["post-142432","post","type-post","status-publish","format-standard","has-post-thumbnail","hentry","category-cidade","category-destaque-da-semana","category-ultima-hora"],"_links":{"self":[{"href":"https:\/\/diarioregionaldigital.com.br\/index.php?rest_route=\/wp\/v2\/posts\/142432","targetHints":{"allow":["GET"]}}],"collection":[{"href":"https:\/\/diarioregionaldigital.com.br\/index.php?rest_route=\/wp\/v2\/posts"}],"about":[{"href":"https:\/\/diarioregionaldigital.com.br\/index.php?rest_route=\/wp\/v2\/types\/post"}],"author":[{"embeddable":true,"href":"https:\/\/diarioregionaldigital.com.br\/index.php?rest_route=\/wp\/v2\/users\/96"}],"replies":[{"embeddable":true,"href":"https:\/\/diarioregionaldigital.com.br\/index.php?rest_route=%2Fwp%2Fv2%2Fcomments&post=142432"}],"version-history":[{"count":0,"href":"https:\/\/diarioregionaldigital.com.br\/index.php?rest_route=\/wp\/v2\/posts\/142432\/revisions"}],"wp:featuredmedia":[{"embeddable":true,"href":"https:\/\/diarioregionaldigital.com.br\/index.php?rest_route=\/wp\/v2\/media\/142434"}],"wp:attachment":[{"href":"https:\/\/diarioregionaldigital.com.br\/index.php?rest_route=%2Fwp%2Fv2%2Fmedia&parent=142432"}],"wp:term":[{"taxonomy":"category","embeddable":true,"href":"https:\/\/diarioregionaldigital.com.br\/index.php?rest_route=%2Fwp%2Fv2%2Fcategories&post=142432"},{"taxonomy":"post_tag","embeddable":true,"href":"https:\/\/diarioregionaldigital.com.br\/index.php?rest_route=%2Fwp%2Fv2%2Ftags&post=142432"}],"curies":[{"name":"wp","href":"https:\/\/api.w.org\/{rel}","templated":true}]}}