{"id":142429,"date":"2019-06-24T13:47:37","date_gmt":"2019-06-24T16:47:37","guid":{"rendered":"https:\/\/diarioregionaldigital.com.br\/?p=142429"},"modified":"2019-06-26T16:12:33","modified_gmt":"2019-06-26T19:12:33","slug":"settra-interdita-rua-no-bairro-sao-bernardo","status":"publish","type":"post","link":"https:\/\/diarioregionaldigital.com.br\/?p=142429","title":{"rendered":"Settra interdita rua no bairro S\u00e3o Bernardo"},"content":{"rendered":"<p>A partir desta segunda-feira, 24, a rua Piau\u00ed, bairro S\u00e3o Bernardo, estar\u00e1 interditada conforme informa\u00e7\u00e3o da Secretaria de Transportes e Tr\u00e2nsito (Settra) da Prefeitura de Juiz de Fora (PJF). A decis\u00e3o \u00e9 em fun\u00e7\u00e3o de obras na via p\u00fablica e a previs\u00e3o de t\u00e9rmino da obra \u00e9 para 20 de julho.<\/p>\n<p>Devido a interdi\u00e7\u00e3o haver\u00e1 altera\u00e7\u00e3o provis\u00f3ria do itiner\u00e1rio das linhas 422, 424, 430, 433, 434 e 437, da seguinte forma:<\/p>\n<ul>\n<li><strong>Linhas 424, 430, 433, 434 e 437 &#8211;<\/strong> Sentido Centro\/Bairro: &#8220;&#8230;Rua Ces\u00e1rio Alvim, Av. Dr. Moacir Siqueira, Rua Manoel Joaquim Tavares&#8230;\u201d J\u00e1 no sentido Bairro\/Centro n\u00e3o h\u00e1 altera\u00e7\u00f5es.<\/li>\n<li><strong>Linha 422 &#8211;<\/strong> Sentido Centro\/Bairro: &#8220;&#8230;Rua Ces\u00e1rio Alvim, Av. Dr. Moacir Siqueira, RuaManoel Joaquim Tavares, Rua Alfredo Teixeira Lopes, Av. Dr. Moacir Siqueira, RuaPiau\u00ed, Rua Ces\u00e1rio Alvim, Rua Joaquim Leoc\u00e1dio Guedes&#8230;\u201d;Sentido Bairro\/Centro sem altera\u00e7\u00f5es.<\/li>\n<\/ul>\n","protected":false},"excerpt":{"rendered":"<p>A partir desta segunda-feira, 24, a rua Piau\u00ed, bairro S\u00e3o Bernardo, estar\u00e1 interditada conforme informa\u00e7\u00e3o da Secretaria de Transportes e Tr\u00e2nsito (Settra) da Prefeitura de Juiz de Fora (PJF). A decis\u00e3o \u00e9 em fun\u00e7\u00e3o de obras na via p\u00fablica e a previs\u00e3o de t\u00e9rmino da obra \u00e9 para 20 de julho. Devido a interdi\u00e7\u00e3o haver\u00e1 [&hellip;]<\/p>\n","protected":false},"author":96,"featured_media":142430,"comment_status":"closed","ping_status":"closed","sticky":false,"template":"","format":"standard","meta":{"footnotes":""},"categories":[253,436,440,439],"tags":[],"class_list":["post-142429","post","type-post","status-publish","format-standard","has-post-thumbnail","hentry","category-cidade","category-destaque-da-semana","category-destaques-do-dia","category-ultima-hora"],"_links":{"self":[{"href":"https:\/\/diarioregionaldigital.com.br\/index.php?rest_route=\/wp\/v2\/posts\/142429","targetHints":{"allow":["GET"]}}],"collection":[{"href":"https:\/\/diarioregionaldigital.com.br\/index.php?rest_route=\/wp\/v2\/posts"}],"about":[{"href":"https:\/\/diarioregionaldigital.com.br\/index.php?rest_route=\/wp\/v2\/types\/post"}],"author":[{"embeddable":true,"href":"https:\/\/diarioregionaldigital.com.br\/index.php?rest_route=\/wp\/v2\/users\/96"}],"replies":[{"embeddable":true,"href":"https:\/\/diarioregionaldigital.com.br\/index.php?rest_route=%2Fwp%2Fv2%2Fcomments&post=142429"}],"version-history":[{"count":0,"href":"https:\/\/diarioregionaldigital.com.br\/index.php?rest_route=\/wp\/v2\/posts\/142429\/revisions"}],"wp:featuredmedia":[{"embeddable":true,"href":"https:\/\/diarioregionaldigital.com.br\/index.php?rest_route=\/wp\/v2\/media\/142430"}],"wp:attachment":[{"href":"https:\/\/diarioregionaldigital.com.br\/index.php?rest_route=%2Fwp%2Fv2%2Fmedia&parent=142429"}],"wp:term":[{"taxonomy":"category","embeddable":true,"href":"https:\/\/diarioregionaldigital.com.br\/index.php?rest_route=%2Fwp%2Fv2%2Fcategories&post=142429"},{"taxonomy":"post_tag","embeddable":true,"href":"https:\/\/diarioregionaldigital.com.br\/index.php?rest_route=%2Fwp%2Fv2%2Ftags&post=142429"}],"curies":[{"name":"wp","href":"https:\/\/api.w.org\/{rel}","templated":true}]}}