{"id":142426,"date":"2019-06-24T17:42:26","date_gmt":"2019-06-24T20:42:26","guid":{"rendered":"https:\/\/diarioregionaldigital.com.br\/?p=142426"},"modified":"2019-06-26T16:09:20","modified_gmt":"2019-06-26T19:09:20","slug":"prf-apresenta-balanco-da-operacao-corpus-christi-2019","status":"publish","type":"post","link":"https:\/\/diarioregionaldigital.com.br\/?p=142426","title":{"rendered":"PRF apresenta balan\u00e7o da \u201cOpera\u00e7\u00e3o Corpus Christi 2019\u201d"},"content":{"rendered":"<p>A Pol\u00edcia Rodovi\u00e1ria Federal(PRF) divulgou o balan\u00e7o da \u201cOpera\u00e7\u00e3o Corpus Christi 2019\u201d, que teve como objetivo reduzir o n\u00famero de acidentes e o de mortes nas rodovias. A a\u00e7\u00e3o teve in\u00edcio \u00e0s 00h da \u00faltima quarta-feira, 19, e terminou \u00e0s 23h59 do dia 23, em todo o estado de Minas Gerais.<\/p>\n<p>Este ano, em decorr\u00eancia da Copa Am\u00e9rica de Futebol 2019, a \u201cOpera\u00e7\u00e3o Corpus Christi\u201d ocorreu de forma integrada com a \u201cOpera\u00e7\u00e3o Copa Am\u00e9rica 19\u201d, que come\u00e7ou no final do m\u00eas de maio e segue at\u00e9 o dia 12 de julho.<\/p>\n<p>O balan\u00e7o aponta queda no n\u00famero de acidentes, mortos e feridos, em compara\u00e7\u00e3o com a opera\u00e7\u00e3o realizada em 2017. Conforme os dados, na \u201cOpera\u00e7\u00e3o Corpus Christi 2019\u201d, foram registrados 106 acidentes, resultando em 143 feridos e duas mortes. Enquanto em 2017, foram registrados 148 acidentes, 150 feridos e quatro pessoas mortas. A PRF faz uma observa\u00e7\u00e3o quanto ao comparativo de dados deste ano com 2017 porque em 2018 a \u201cOpera\u00e7\u00e3o Corpus Christi\u201d n\u00e3o foi realizada devido \u00e0 greve dos caminhoneiros.<\/p>\n<p>Os dias com mais registros de acidentes foram no domingo e na quarta-feira, com 29 e 25 casos respectivamente.Os casos de mortes foram notificados na quarta e sexta-feira. Ao todo foram 4.580 imagens capturadas pelos radares fotogr\u00e1ficos por excesso de velocidade e 337 ultrapassagens proibidas. Ainda conforme a PRF, o balan\u00e7o referente a fiscaliza\u00e7\u00e3o da lei seca aponta a realiza\u00e7\u00e3o de 406 testes, 50 autua\u00e7\u00f5es e sete pris\u00f5es.<\/p>\n","protected":false},"excerpt":{"rendered":"<p>A Pol\u00edcia Rodovi\u00e1ria Federal(PRF) divulgou o balan\u00e7o da \u201cOpera\u00e7\u00e3o Corpus Christi 2019\u201d, que teve como objetivo reduzir o n\u00famero de acidentes e o de mortes nas rodovias. A a\u00e7\u00e3o teve in\u00edcio \u00e0s 00h da \u00faltima quarta-feira, 19, e terminou \u00e0s 23h59 do dia 23, em todo o estado de Minas Gerais. Este ano, em decorr\u00eancia [&hellip;]<\/p>\n","protected":false},"author":96,"featured_media":142427,"comment_status":"closed","ping_status":"closed","sticky":false,"template":"","format":"standard","meta":{"footnotes":""},"categories":[253,436,439],"tags":[],"class_list":["post-142426","post","type-post","status-publish","format-standard","has-post-thumbnail","hentry","category-cidade","category-destaque-da-semana","category-ultima-hora"],"_links":{"self":[{"href":"https:\/\/diarioregionaldigital.com.br\/index.php?rest_route=\/wp\/v2\/posts\/142426","targetHints":{"allow":["GET"]}}],"collection":[{"href":"https:\/\/diarioregionaldigital.com.br\/index.php?rest_route=\/wp\/v2\/posts"}],"about":[{"href":"https:\/\/diarioregionaldigital.com.br\/index.php?rest_route=\/wp\/v2\/types\/post"}],"author":[{"embeddable":true,"href":"https:\/\/diarioregionaldigital.com.br\/index.php?rest_route=\/wp\/v2\/users\/96"}],"replies":[{"embeddable":true,"href":"https:\/\/diarioregionaldigital.com.br\/index.php?rest_route=%2Fwp%2Fv2%2Fcomments&post=142426"}],"version-history":[{"count":0,"href":"https:\/\/diarioregionaldigital.com.br\/index.php?rest_route=\/wp\/v2\/posts\/142426\/revisions"}],"wp:featuredmedia":[{"embeddable":true,"href":"https:\/\/diarioregionaldigital.com.br\/index.php?rest_route=\/wp\/v2\/media\/142427"}],"wp:attachment":[{"href":"https:\/\/diarioregionaldigital.com.br\/index.php?rest_route=%2Fwp%2Fv2%2Fmedia&parent=142426"}],"wp:term":[{"taxonomy":"category","embeddable":true,"href":"https:\/\/diarioregionaldigital.com.br\/index.php?rest_route=%2Fwp%2Fv2%2Fcategories&post=142426"},{"taxonomy":"post_tag","embeddable":true,"href":"https:\/\/diarioregionaldigital.com.br\/index.php?rest_route=%2Fwp%2Fv2%2Ftags&post=142426"}],"curies":[{"name":"wp","href":"https:\/\/api.w.org\/{rel}","templated":true}]}}