{"id":142420,"date":"2019-06-24T14:04:56","date_gmt":"2019-06-24T17:04:56","guid":{"rendered":"https:\/\/diarioregionaldigital.com.br\/?p=142420"},"modified":"2019-06-24T18:45:04","modified_gmt":"2019-06-24T21:45:04","slug":"segunda-turma-do-stf-adia-julgamento-de-habeas-corpus-de-lula","status":"publish","type":"post","link":"https:\/\/diarioregionaldigital.com.br\/?p=142420","title":{"rendered":"Segunda Turma do STF adia julgamento de habeas corpus de Lula"},"content":{"rendered":"<p>A Segunda Turma do Supremo Tribunal Federal (STF) retirou da pauta de julgamentos um\u00a0habeas corpus\u00a0(HC) em que a defesa do ex-presidente Luiz In\u00e1cio Lula da Silva pede que seja declarada a suspei\u00e7\u00e3o do ent\u00e3o juiz Sergio Moro no julgamento do caso do triplex no Guaruj\u00e1 (SP).<\/p>\n<p>O caso estava previsto para ser julgado na sess\u00e3o de amanh\u00e3 (25), \u00faltima sess\u00e3o antes do recesso de julho na Corte. Com o adiamento, o processo s\u00f3 dever\u00e1 voltar \u00e0 pauta do colegiado em agosto, quando o tribunal voltar ao trabalho.<\/p>\n<p>No andamento do processo, n\u00e3o foi publicado o motivo do adiamento, somente a seguinte decis\u00e3o. &#8220;De ordem, certificamos que o processo foi retirado do calend\u00e1rio de julgamento do dia 25.6.2019&#8221;.<\/p>\n<p>O processo come\u00e7ou a ser julgado na Segunda Turma em dezembro de 2018, quando o relator ministro Edson Fachin e a ministra C\u00e1rmen L\u00facia votaram contra o pedido de suspei\u00e7\u00e3o. O julgamento foi suspenso por um pedido de vista do ministro Gilmar Mendes, que devolveu o HC para ser julgado nesta ter\u00e7a. Comp\u00f5em o colegiado ainda os ministros Ricardo Lewandowski e Celso de Mello.<\/p>\n<p>No in\u00edcio da tarde, a defesa de Lula pediu ao STF que a data do julgamento seja mantida. A defesa argumentou que o\u00a0habeas corpus\u00a0foi protocolado em novembro de 2018 para que seja reconhecida a suspei\u00e7\u00e3o do ent\u00e3o juiz Sergio Moro para processar e julgar o ex-presidente e, consequentemente, reconhecimento da nulidade de todos os atos praticados por ele na a\u00e7\u00e3o penal do tr\u00edplex, al\u00e9m de soltura do ex-presidente.<\/p>\n<p>De acordo com Cristiano Zanin, advogado do ex-presidente, Lula est\u00e1 preso h\u00e1 443 dias e os processos envolvendo r\u00e9us presos t\u00eam prioridade de julgamento.<\/p>\n<p>&#8220;Assim, diante de reportagens jornal\u00edsticas publicadas nesta data sobre eventual adiamento, requer-se sejam observadas as disposi\u00e7\u00f5es legais e regimentais acima referidas, de modo a assegurar que o julgamento do\u00a0habeas corpus\u00a0em quest\u00e3o seja retomado amanh\u00e3, 25\/6 &#8211; \u00faltima sess\u00e3o do primeiro semestre -, como medida de Direito e de Justi\u00e7a&#8221;, pediu a defesa.<\/p>\n<p>O argumento central da defesa \u00e9 o fato de Moro ter aceitado o convite para o cargo de ministro da Justi\u00e7a e Seguran\u00e7a P\u00fablica do governo Jair Bolsonaro. Quando foi impetrado no ano passado, e n\u00e3o trazia em seus argumentos as supostas trocas de mensagens entre o ent\u00e3o juiz e o procurador Deltan Dallagnol, coordenador da for\u00e7a-tarefa da Lava Jato, no Paran\u00e1, divulgadas pelo\u00a0site\u00a0The Intercept Brasil. Na semana passada, os advogados pediram que os &#8220;fatos p\u00fablicos e not\u00f3rios&#8221; sejam levados em conta pelo STF.<\/p>\n<p>Desde a publica\u00e7\u00e3o das supostas mensagens, o ministro Sergio Moro n\u00e3o reconhece a autenticidade dos di\u00e1logos e diz que as mensagens podem ter sido &#8220;editadas e manipuladas&#8221; por meio de ataques de\u00a0hackers.<\/p>\n<p>Lula est\u00e1 preso desde 7 de abril do ano passado na Superintend\u00eancia da Pol\u00edcia Federal em Curitiba, ap\u00f3s ter sua condena\u00e7\u00e3o confirmada pelo Tribunal Regional Federal 4\u00aa Regi\u00e3o (TRF4), que imp\u00f4s pena de 12 anos e um m\u00eas de pris\u00e3o pelos crimes de corrup\u00e7\u00e3o passiva e lavagem de dinheiro no caso do tr\u00edplex do Guaruj\u00e1 (SP).<\/p>\n<p>&nbsp;<\/p>\n<p>Fonte: Ag\u00eancia Brasil<\/p>\n","protected":false},"excerpt":{"rendered":"<p>A Segunda Turma do Supremo Tribunal Federal (STF) retirou da pauta de julgamentos um\u00a0habeas corpus\u00a0(HC) em que a defesa do ex-presidente Luiz In\u00e1cio Lula da Silva pede que seja declarada a suspei\u00e7\u00e3o do ent\u00e3o juiz Sergio Moro no julgamento do caso do triplex no Guaruj\u00e1 (SP). O caso estava previsto para ser julgado na sess\u00e3o [&hellip;]<\/p>\n","protected":false},"author":96,"featured_media":137606,"comment_status":"closed","ping_status":"closed","sticky":false,"template":"","format":"standard","meta":{"footnotes":""},"categories":[436,440,254,439],"tags":[],"class_list":["post-142420","post","type-post","status-publish","format-standard","has-post-thumbnail","hentry","category-destaque-da-semana","category-destaques-do-dia","category-politica","category-ultima-hora"],"_links":{"self":[{"href":"https:\/\/diarioregionaldigital.com.br\/index.php?rest_route=\/wp\/v2\/posts\/142420","targetHints":{"allow":["GET"]}}],"collection":[{"href":"https:\/\/diarioregionaldigital.com.br\/index.php?rest_route=\/wp\/v2\/posts"}],"about":[{"href":"https:\/\/diarioregionaldigital.com.br\/index.php?rest_route=\/wp\/v2\/types\/post"}],"author":[{"embeddable":true,"href":"https:\/\/diarioregionaldigital.com.br\/index.php?rest_route=\/wp\/v2\/users\/96"}],"replies":[{"embeddable":true,"href":"https:\/\/diarioregionaldigital.com.br\/index.php?rest_route=%2Fwp%2Fv2%2Fcomments&post=142420"}],"version-history":[{"count":0,"href":"https:\/\/diarioregionaldigital.com.br\/index.php?rest_route=\/wp\/v2\/posts\/142420\/revisions"}],"wp:featuredmedia":[{"embeddable":true,"href":"https:\/\/diarioregionaldigital.com.br\/index.php?rest_route=\/wp\/v2\/media\/137606"}],"wp:attachment":[{"href":"https:\/\/diarioregionaldigital.com.br\/index.php?rest_route=%2Fwp%2Fv2%2Fmedia&parent=142420"}],"wp:term":[{"taxonomy":"category","embeddable":true,"href":"https:\/\/diarioregionaldigital.com.br\/index.php?rest_route=%2Fwp%2Fv2%2Fcategories&post=142420"},{"taxonomy":"post_tag","embeddable":true,"href":"https:\/\/diarioregionaldigital.com.br\/index.php?rest_route=%2Fwp%2Fv2%2Ftags&post=142420"}],"curies":[{"name":"wp","href":"https:\/\/api.w.org\/{rel}","templated":true}]}}