{"id":142414,"date":"2019-06-24T15:05:22","date_gmt":"2019-06-24T18:05:22","guid":{"rendered":"https:\/\/diarioregionaldigital.com.br\/?p=142414"},"modified":"2019-06-24T15:05:22","modified_gmt":"2019-06-24T18:05:22","slug":"reducao-da-maioridade-penal-volta-a-ser-debatida-na-ccj","status":"publish","type":"post","link":"https:\/\/diarioregionaldigital.com.br\/?p=142414","title":{"rendered":"Redu\u00e7\u00e3o da maioridade penal volta a ser debatida na CCJ"},"content":{"rendered":"<p>Na quinta-feira (27), a\u00a0Comiss\u00e3o de Constitui\u00e7\u00e3o, Justi\u00e7a e Cidadania (CCJ) ouvir\u00e1 especialistas sobre a proposta de reduzir a maioridade penal no Brasil de 18 para 16 anos nos casos de crimes hediondos, homic\u00eddio doloso e les\u00e3o corporal seguida de morte. O relator da proposta de emenda \u00e0 Constitui\u00e7\u00e3o (<a href=\"https:\/\/www25.senado.leg.br\/web\/atividade\/materias\/-\/materia\/122817\">PEC) 115\/2015<\/a>\u00a0na comiss\u00e3o, senador Marcelo Castro (MDB-PI), justificou a audi\u00eancia dizendo que \u00e9 preciso atualizar os senadores em primeiro mandato sobre o tema.<\/p>\n<p>De acordo com Castro, o debate vai ser necess\u00e1rio para construir consensos pol\u00edticos \u201cque s\u00e3o imprescind\u00edveis, antes que a quest\u00e3o seja submetida ao Plen\u00e1rio\u201d.<\/p>\n<p>Foram convidados o procurador Guilherme Schelb, que \u00e9 mestre em direito constitucional pela Universidade Federal do Paran\u00e1; o presidente da Associa\u00e7\u00e3o Paulista do Minist\u00e9rio P\u00fablico, promotor Paulo Penteado Teixeira Junior; o professor de direito constitucional Fabr\u00edcio Medeiros; o desembargador Jos\u00e9 Dami\u00e3o Cogan, do Tribunal de Justi\u00e7a do Estado de S\u00e3o Paulo (TJ\/SP); a advogada Marisa Deppman; e o doutor em seguran\u00e7a e ordem p\u00fablica Elias Miler da Silva.<\/p>\n<p>Por sugest\u00e3o do senador Rog\u00e9rio Carvalho (PT-SE), foram inclu\u00eddos entre os convidados o ex-ministro da Justi\u00e7a Jos\u00e9 Eduardo Cardozo; a advogada Deise Benedito, especialista em rela\u00e7\u00f5es de g\u00eanero e ra\u00e7a e ex-perita do Mecanismo Nacional de Combate \u00e0 Tortura; e representantes da Ordem dos Advogados do Brasil (OAB) e da Associa\u00e7\u00e3o Brasileira de Juristas pela Democracia.<\/p>\n<p>Ao justificar a inclus\u00e3o dos convidados, Rog\u00e9rio alegou que a maioria dos juristas e especialistas considera a maioridade penal (artigo 228, que determina que s\u00e3o inimput\u00e1veis os menores de 18 anos) como constante no rol das cl\u00e1usulas p\u00e9treas da Constitui\u00e7\u00e3o (artigo 60) \u2014 ou seja, n\u00e3o pode ser mudada nem mesmo por PEC. As cl\u00e1usulas p\u00e9treas s\u00e3o: a forma federativa de Estado; o voto direto, secreto, universal e peri\u00f3dico; a separa\u00e7\u00e3o dos Poderes; e os direitos e garantias individuais.<\/p>\n<p>A proposta j\u00e1 foi aprovada pela C\u00e2mara dos Deputados, com o n\u00famero\u00a0<a href=\"https:\/\/www.camara.leg.br\/proposicoesWeb\/fichadetramitacao?idProposicao=14493\">PEC 171\/1993<\/a>.<\/p>\n<p>A audi\u00eancia p\u00fablica ser\u00e1 \u00e0s 10h no Plen\u00e1rio 3 da Ala Alexandre Costa (anexo 2 do Senado). A reuni\u00e3o tamb\u00e9m pode ser vista em tempo real pelo canal da TV Senado e TV Senado no Youtube (<a class=\"external-link\" href=\"http:\/\/youtube.com\/tvsenado\">youtube.com\/tvsenado<\/a>).<\/p>\n<p>Fonte: Ag\u00eancia Senado<\/p>\n","protected":false},"excerpt":{"rendered":"<p>Na quinta-feira (27), a\u00a0Comiss\u00e3o de Constitui\u00e7\u00e3o, Justi\u00e7a e Cidadania (CCJ) ouvir\u00e1 especialistas sobre a proposta de reduzir a maioridade penal no Brasil de 18 para 16 anos nos casos de crimes hediondos, homic\u00eddio doloso e les\u00e3o corporal seguida de morte. O relator da proposta de emenda \u00e0 Constitui\u00e7\u00e3o (PEC) 115\/2015\u00a0na comiss\u00e3o, senador Marcelo Castro (MDB-PI), [&hellip;]<\/p>\n","protected":false},"author":96,"featured_media":142418,"comment_status":"closed","ping_status":"closed","sticky":false,"template":"","format":"standard","meta":{"footnotes":""},"categories":[436,254,439],"tags":[],"class_list":["post-142414","post","type-post","status-publish","format-standard","has-post-thumbnail","hentry","category-destaque-da-semana","category-politica","category-ultima-hora"],"_links":{"self":[{"href":"https:\/\/diarioregionaldigital.com.br\/index.php?rest_route=\/wp\/v2\/posts\/142414","targetHints":{"allow":["GET"]}}],"collection":[{"href":"https:\/\/diarioregionaldigital.com.br\/index.php?rest_route=\/wp\/v2\/posts"}],"about":[{"href":"https:\/\/diarioregionaldigital.com.br\/index.php?rest_route=\/wp\/v2\/types\/post"}],"author":[{"embeddable":true,"href":"https:\/\/diarioregionaldigital.com.br\/index.php?rest_route=\/wp\/v2\/users\/96"}],"replies":[{"embeddable":true,"href":"https:\/\/diarioregionaldigital.com.br\/index.php?rest_route=%2Fwp%2Fv2%2Fcomments&post=142414"}],"version-history":[{"count":0,"href":"https:\/\/diarioregionaldigital.com.br\/index.php?rest_route=\/wp\/v2\/posts\/142414\/revisions"}],"wp:featuredmedia":[{"embeddable":true,"href":"https:\/\/diarioregionaldigital.com.br\/index.php?rest_route=\/wp\/v2\/media\/142418"}],"wp:attachment":[{"href":"https:\/\/diarioregionaldigital.com.br\/index.php?rest_route=%2Fwp%2Fv2%2Fmedia&parent=142414"}],"wp:term":[{"taxonomy":"category","embeddable":true,"href":"https:\/\/diarioregionaldigital.com.br\/index.php?rest_route=%2Fwp%2Fv2%2Fcategories&post=142414"},{"taxonomy":"post_tag","embeddable":true,"href":"https:\/\/diarioregionaldigital.com.br\/index.php?rest_route=%2Fwp%2Fv2%2Ftags&post=142414"}],"curies":[{"name":"wp","href":"https:\/\/api.w.org\/{rel}","templated":true}]}}