{"id":142405,"date":"2019-06-24T14:19:42","date_gmt":"2019-06-24T17:19:42","guid":{"rendered":"https:\/\/diarioregionaldigital.com.br\/?p=142405"},"modified":"2019-06-24T14:19:42","modified_gmt":"2019-06-24T17:19:42","slug":"caixa-registra-lucro-liquido-de-r-392-bilhoes-no-primeiro-trimestre","status":"publish","type":"post","link":"https:\/\/diarioregionaldigital.com.br\/?p=142405","title":{"rendered":"Caixa registra lucro l\u00edquido de R$ 3,92 bilh\u00f5es no primeiro trimestre"},"content":{"rendered":"<p>A Caixa registrou lucro l\u00edquido de R$ 3,92 bilh\u00f5es, no primeiro trimestre deste ano, com um crescimento de 23% em rela\u00e7\u00e3o ao mesmo per\u00edodo do ano passado.<\/p>\n<p>A inadimpl\u00eancia ficou em 2,47%, com uma redu\u00e7\u00e3o de 0,44 ponto percentual na compara\u00e7\u00e3o com o mesmo per\u00edodo\u00a0 de 2018.<\/p>\n<p>De acordo com o banco, o resultado foi impactado pela estabilidade da margem financeira, redu\u00e7\u00e3o de 24,4% nas despesas de Provis\u00e3o para Devedores Duvidosos (PDD), e pelo aumento de 2,3% nas receitas de presta\u00e7\u00e3o de servi\u00e7os.<\/p>\n<p>O lucro recorrente ficou em R$ 3,87 bilh\u00f5es, crescimento de 6% em rela\u00e7\u00e3o ao primeiro trimestre do ano que passou.<\/p>\n<p>Fonte: Ag\u00eancia Brasil<\/p>\n","protected":false},"excerpt":{"rendered":"<p>A Caixa registrou lucro l\u00edquido de R$ 3,92 bilh\u00f5es, no primeiro trimestre deste ano, com um crescimento de 23% em rela\u00e7\u00e3o ao mesmo per\u00edodo do ano passado. A inadimpl\u00eancia ficou em 2,47%, com uma redu\u00e7\u00e3o de 0,44 ponto percentual na compara\u00e7\u00e3o com o mesmo per\u00edodo\u00a0 de 2018. De acordo com o banco, o resultado foi [&hellip;]<\/p>\n","protected":false},"author":96,"featured_media":142410,"comment_status":"closed","ping_status":"closed","sticky":false,"template":"","format":"standard","meta":{"footnotes":""},"categories":[436,261,439],"tags":[],"class_list":["post-142405","post","type-post","status-publish","format-standard","has-post-thumbnail","hentry","category-destaque-da-semana","category-economia","category-ultima-hora"],"_links":{"self":[{"href":"https:\/\/diarioregionaldigital.com.br\/index.php?rest_route=\/wp\/v2\/posts\/142405","targetHints":{"allow":["GET"]}}],"collection":[{"href":"https:\/\/diarioregionaldigital.com.br\/index.php?rest_route=\/wp\/v2\/posts"}],"about":[{"href":"https:\/\/diarioregionaldigital.com.br\/index.php?rest_route=\/wp\/v2\/types\/post"}],"author":[{"embeddable":true,"href":"https:\/\/diarioregionaldigital.com.br\/index.php?rest_route=\/wp\/v2\/users\/96"}],"replies":[{"embeddable":true,"href":"https:\/\/diarioregionaldigital.com.br\/index.php?rest_route=%2Fwp%2Fv2%2Fcomments&post=142405"}],"version-history":[{"count":0,"href":"https:\/\/diarioregionaldigital.com.br\/index.php?rest_route=\/wp\/v2\/posts\/142405\/revisions"}],"wp:featuredmedia":[{"embeddable":true,"href":"https:\/\/diarioregionaldigital.com.br\/index.php?rest_route=\/wp\/v2\/media\/142410"}],"wp:attachment":[{"href":"https:\/\/diarioregionaldigital.com.br\/index.php?rest_route=%2Fwp%2Fv2%2Fmedia&parent=142405"}],"wp:term":[{"taxonomy":"category","embeddable":true,"href":"https:\/\/diarioregionaldigital.com.br\/index.php?rest_route=%2Fwp%2Fv2%2Fcategories&post=142405"},{"taxonomy":"post_tag","embeddable":true,"href":"https:\/\/diarioregionaldigital.com.br\/index.php?rest_route=%2Fwp%2Fv2%2Ftags&post=142405"}],"curies":[{"name":"wp","href":"https:\/\/api.w.org\/{rel}","templated":true}]}}