{"id":142398,"date":"2019-06-24T13:58:56","date_gmt":"2019-06-24T16:58:56","guid":{"rendered":"https:\/\/diarioregionaldigital.com.br\/?p=142398"},"modified":"2019-06-24T13:58:56","modified_gmt":"2019-06-24T16:58:56","slug":"sergio-moro-adia-ida-a-camara-para-falar-sobre-troca-de-mensagens","status":"publish","type":"post","link":"https:\/\/diarioregionaldigital.com.br\/?p=142398","title":{"rendered":"Sergio Moro adia ida \u00e0 C\u00e2mara para falar sobre troca de mensagens"},"content":{"rendered":"<p>O ministro da Justi\u00e7a e Seguran\u00e7a P\u00fablica, Sergio Moro, anunciou\u00a0hoje\u00a0(24) que, devido a sua viagem aos Estados Unidos, n\u00e3o comparecer\u00e1 \u00e0 audi\u00eancia p\u00fablica que as comiss\u00f5es de Trabalho, Administra\u00e7\u00e3o e Servi\u00e7o P\u00fablico e de Direitos Humanos e Minorias da C\u00e2mara dos Deputados realizar\u00e3o\u00a0nesta\u00a0quarta-feira (26), em Bras\u00edlia. O ministro j\u00e1 se colocou \u00e0 disposi\u00e7\u00e3o para participar da audi\u00eancia em outra data a ser definida.<\/p>\n<p>Moro viajou para os Estados Unidos no \u00faltimo fim de semana e s\u00f3 deve retornar ao Brasil na quarta-feira. Em nota divulgada na\u00a0sexta-feira (21), a assessoria do minist\u00e9rio explicou que a miss\u00e3o\u00a0oficial inclui uma s\u00e9rie de visitas a \u00f3rg\u00e3os de seguran\u00e7a e intelig\u00eancia norte-americanos, como a Divis\u00e3o de Opera\u00e7\u00f5es Especiais da DEA (Drug Enforcement Administration \u2013\u00a0Administra\u00e7\u00e3o de Repress\u00e3o \u00e0s Drogas, em tradu\u00e7\u00e3o livre) e ao Centro de Opera\u00e7\u00f5es de Narcoterrorismo. Moro ainda conhecer\u00e1 as instala\u00e7\u00f5es da patrulha de fronteira entre EUA e M\u00e9xico e o centro de intelig\u00eancia de El Paso, cidade fronteiri\u00e7a localizada no estado norte-americano do Texas.<\/p>\n<p>Segundo a assessoria da pasta, o intuito da viagem do ministro \u00e9 \u201creunir experi\u00eancias e boas pr\u00e1ticas para fortalecer as opera\u00e7\u00f5es integradas no Brasil\u201d e combater o crime organizado e os crimes transfronteiri\u00e7os. Viajaram com Moro o diretor-geral da Pol\u00edcia Federal (PF), Maur\u00edcio Valeixo, o diretor executivo da Pol\u00edcia Rodovi\u00e1ria Federal (PRF), Jos\u00e9 Lopes Hott Junior, e o diretor de Investiga\u00e7\u00e3o e Combate ao Crime Organizado da PF, Igor Rom\u00e1rio de Paula.<\/p>\n<p>Proposto pelos deputados Marcio Jerry (PCdoB-MA) e Rog\u00e9rio Correia (PT-MG), vice-l\u00edderes dos respectivos partidos de oposi\u00e7\u00e3o, o convite a Moro tinha o objetivo de obter esclarecimentos sobre as not\u00edcias que v\u00eam sendo publicadas pelo\u00a0<em>site<\/em>jornal\u00edstico The Intercept Brasil, em parceria com o jornal\u00a0<em>Folha de S.Paulo<\/em>\u00a0e do programa\u00a0<em>O \u00c9 Da Coisa<\/em>, transmitido pela r\u00e1dio BandNews FM.<\/p>\n<p>Desde o in\u00edcio do m\u00eas, o The Intercept vem divulgando trechos de supostas conversas que Moro teria mantido com integrantes da for\u00e7a-tarefa da Lava Jato quando ainda era juiz da 13\u00aa Vara da Justi\u00e7a Federal, em Curitiba, onde \u00e9 julgada\u00a0parte dos processos da Lava Jato.<\/p>\n<p>O ministro tem afirmado, repetidas vezes, que as mensagens veiculadas pela imprensa foram tiradas de contexto e podem\u00a0ter\u00a0sido adulteradas. Moro afirma que usava o aplicativo de mensagens Telegram para \u201cagilizar\u201d os contatos com procuradores da for\u00e7a-tarefa da Lava Jato necess\u00e1rios \u00e0 execu\u00e7\u00e3o de procedimentos legais e que suas conversas n\u00e3o revelam nenhuma ilegalidade, tendo sido obtidas \u201ccriminosamente\u201d por\u00a0<em>hackers<\/em>\u00a0que interceptaram as comunica\u00e7\u00f5es de autoridades.<\/p>\n<p>J\u00e1 o The Intercept afirma\u00a0ter\u00a0recebido de uma fonte an\u00f4nima um imenso arquivo contendo mensagens em texto e \u00e1udio. A equipe de jornalistas do site garante\u00a0ter\u00a0apurado a veracidade das informa\u00e7\u00f5es. Para os jornalistas, as conversas indicam que Moro infringiu o c\u00f3digo da magistratura ao ajudar os procuradores da Rep\u00fablica a instruirem o processo penal, sugerindo a ordem de deflagra\u00e7\u00e3o de opera\u00e7\u00f5es policiais da Lava Jato e indicando testemunhas a serem ouvidas pela acusa\u00e7\u00e3o. O\u00a0<em>site<\/em>\u00a0diz que n\u00e3o revelar\u00e1 a origem das mensagens. A Constitui\u00e7\u00e3o Federal reserva a todo jornalista o direito de n\u00e3o revelar suas fontes de informa\u00e7\u00f5es.<\/p>\n<p>Na semana passada, Moro passou mais de oito horas falando sobre o assunto aos membros da Comiss\u00e3o de Constitui\u00e7\u00e3o e Justi\u00e7a do Senado. O ministro disse v\u00e1rias vezes que n\u00e3o se recordava das mensagens, colocando em d\u00favida a autenticidade delas. Ele disse\u00a0ainda\u00a0n\u00e3o\u00a0ter\u00a0apego ao cargo\u00a0e que, se que houver qualquer irregularidade comprovada, ele deixar\u00e1 a fun\u00e7\u00e3o.<\/p>\n<p>Fonte: Ag\u00eancia Brasil<\/p>\n","protected":false},"excerpt":{"rendered":"<p>O ministro da Justi\u00e7a e Seguran\u00e7a P\u00fablica, Sergio Moro, anunciou\u00a0hoje\u00a0(24) que, devido a sua viagem aos Estados Unidos, n\u00e3o comparecer\u00e1 \u00e0 audi\u00eancia p\u00fablica que as comiss\u00f5es de Trabalho, Administra\u00e7\u00e3o e Servi\u00e7o P\u00fablico e de Direitos Humanos e Minorias da C\u00e2mara dos Deputados realizar\u00e3o\u00a0nesta\u00a0quarta-feira (26), em Bras\u00edlia. O ministro j\u00e1 se colocou \u00e0 disposi\u00e7\u00e3o para participar [&hellip;]<\/p>\n","protected":false},"author":96,"featured_media":142404,"comment_status":"closed","ping_status":"closed","sticky":false,"template":"","format":"standard","meta":{"footnotes":""},"categories":[436,254,439],"tags":[],"class_list":["post-142398","post","type-post","status-publish","format-standard","has-post-thumbnail","hentry","category-destaque-da-semana","category-politica","category-ultima-hora"],"_links":{"self":[{"href":"https:\/\/diarioregionaldigital.com.br\/index.php?rest_route=\/wp\/v2\/posts\/142398","targetHints":{"allow":["GET"]}}],"collection":[{"href":"https:\/\/diarioregionaldigital.com.br\/index.php?rest_route=\/wp\/v2\/posts"}],"about":[{"href":"https:\/\/diarioregionaldigital.com.br\/index.php?rest_route=\/wp\/v2\/types\/post"}],"author":[{"embeddable":true,"href":"https:\/\/diarioregionaldigital.com.br\/index.php?rest_route=\/wp\/v2\/users\/96"}],"replies":[{"embeddable":true,"href":"https:\/\/diarioregionaldigital.com.br\/index.php?rest_route=%2Fwp%2Fv2%2Fcomments&post=142398"}],"version-history":[{"count":0,"href":"https:\/\/diarioregionaldigital.com.br\/index.php?rest_route=\/wp\/v2\/posts\/142398\/revisions"}],"wp:featuredmedia":[{"embeddable":true,"href":"https:\/\/diarioregionaldigital.com.br\/index.php?rest_route=\/wp\/v2\/media\/142404"}],"wp:attachment":[{"href":"https:\/\/diarioregionaldigital.com.br\/index.php?rest_route=%2Fwp%2Fv2%2Fmedia&parent=142398"}],"wp:term":[{"taxonomy":"category","embeddable":true,"href":"https:\/\/diarioregionaldigital.com.br\/index.php?rest_route=%2Fwp%2Fv2%2Fcategories&post=142398"},{"taxonomy":"post_tag","embeddable":true,"href":"https:\/\/diarioregionaldigital.com.br\/index.php?rest_route=%2Fwp%2Fv2%2Ftags&post=142398"}],"curies":[{"name":"wp","href":"https:\/\/api.w.org\/{rel}","templated":true}]}}