{"id":142389,"date":"2019-06-23T06:00:02","date_gmt":"2019-06-23T09:00:02","guid":{"rendered":"https:\/\/diarioregionaldigital.com.br\/?p=142389"},"modified":"2019-06-20T04:52:43","modified_gmt":"2019-06-20T07:52:43","slug":"diversao-2","status":"publish","type":"post","link":"https:\/\/diarioregionaldigital.com.br\/?p=142389","title":{"rendered":"Divers\u00e3o"},"content":{"rendered":"<p style=\"text-align: center;\"><strong>Quadro de Avisos<\/strong><\/p>\n<p style=\"text-align: center;\">A Arquidiocese de Juiz de Fora est\u00e1 em festa. O Papa Francisco nomeou o reitor do Semin\u00e1rio Arquidiocesano Santo Ant\u00f4nio, Padre Roberto Jos\u00e9 da Silva, bispo da Diocese de Jana\u00faba (MG). A decis\u00e3o foi comunicada pela Nunciatura Apost\u00f3lica no Brasil. Nela, o Santo Padre acolheu o pedido de ren\u00fancia de Dom Ricardo Guerrino Brusati, que passa a ser bispo em\u00e9rito.<\/p>\n<p style=\"text-align: center;\"><strong>Divers\u00e3o<\/strong><\/p>\n<p style=\"text-align: center;\">O Play City \u2013 uma das maiores empresas da Am\u00e9rica Latina do ramo de divers\u00e3o itinerante \u2013 chegou ao Shopping Jardim Norte, com muita alegria e divers\u00e3o com atra\u00e7\u00f5es para toda fam\u00edlia e uma incr\u00edvel variedade de brinquedos. O parque est\u00e1 instalado no estacionamento lateral, ao lado da Havan. Al\u00e9m do mix de brinquedos infantis familiares e radicais, uma variada linha de guloseimas.<\/p>\n<p style=\"text-align: center;\"><strong>Taxa<\/strong><\/p>\n<p style=\"text-align: center;\">Por decis\u00e3o do Tribunal de Justi\u00e7a de Minas Gerais foram suspensos os efeitos da liminar judicial que desobrigava do recolhimento da Taxa de Inc\u00eandio em Minas Gerais, concedida no Mandato de Seguran\u00e7a Coletivo. A decis\u00e3o baseou-se em argumentos de ordem econ\u00f4mica, relacionadas ao impacto financeiro da liminar, tais como, os \u00f4nus para os cofres p\u00fablicos da manuten\u00e7\u00e3o do n\u00e3o recolhimento da taxa, bem como o seu impacto nas atividades do Corpo de Bombeiros.<\/p>\n<p style=\"text-align: center;\"><strong>CES\/JF<\/strong><\/p>\n<p style=\"text-align: center;\">Representantes do Curso de Ci\u00eancias Biol\u00f3gicas participaram de uma a\u00e7\u00e3o solid\u00e1ria na cidade de Setubinha, no Vale do Jequitinhonha. Dez alunos e as professoras Silvia Dias e Paulo Abreu, do curso de Ci\u00eancias Biol\u00f3gicas do CES\/JF, estiveram envolvidos com as an\u00e1lises laboratoriais da popula\u00e7\u00e3o carente e trabalhos educativos nas escolas sobre formas de profilaxia das principais parasitoses.<\/p>\n<div id=\"attachment_142379\" style=\"width: 690px\" class=\"wp-caption aligncenter\"><img loading=\"lazy\" decoding=\"async\" aria-describedby=\"caption-attachment-142379\" class=\"wp-image-142379\" src=\"https:\/\/diarioregionaldigital.com.br\/wp-content\/uploads\/2019\/06\/fotob-11-e1561016401980.jpg\" alt=\"\" width=\"680\" height=\"522\" srcset=\"https:\/\/diarioregionaldigital.com.br\/wp-content\/uploads\/2019\/06\/fotob-11-e1561016401980.jpg 1169w, https:\/\/diarioregionaldigital.com.br\/wp-content\/uploads\/2019\/06\/fotob-11-e1561016401980-300x230.jpg 300w, https:\/\/diarioregionaldigital.com.br\/wp-content\/uploads\/2019\/06\/fotob-11-e1561016401980-768x590.jpg 768w, https:\/\/diarioregionaldigital.com.br\/wp-content\/uploads\/2019\/06\/fotob-11-e1561016401980-1024x787.jpg 1024w, https:\/\/diarioregionaldigital.com.br\/wp-content\/uploads\/2019\/06\/fotob-11-e1561016401980-360x277.jpg 360w\" sizes=\"auto, (max-width: 680px) 100vw, 680px\" \/><p id=\"caption-attachment-142379\" class=\"wp-caption-text\">O ator e personal Ricardo Barros, localizado na cidade maravilhosa, onde faz sucesso<\/p><\/div>\n<div id=\"attachment_142378\" style=\"width: 690px\" class=\"wp-caption aligncenter\"><img loading=\"lazy\" decoding=\"async\" aria-describedby=\"caption-attachment-142378\" class=\"wp-image-142378\" src=\"https:\/\/diarioregionaldigital.com.br\/wp-content\/uploads\/2019\/06\/fotoa-9-e1561016370793.jpg\" alt=\"\" width=\"680\" height=\"579\" srcset=\"https:\/\/diarioregionaldigital.com.br\/wp-content\/uploads\/2019\/06\/fotoa-9-e1561016370793.jpg 1176w, https:\/\/diarioregionaldigital.com.br\/wp-content\/uploads\/2019\/06\/fotoa-9-e1561016370793-300x256.jpg 300w, https:\/\/diarioregionaldigital.com.br\/wp-content\/uploads\/2019\/06\/fotoa-9-e1561016370793-768x654.jpg 768w, https:\/\/diarioregionaldigital.com.br\/wp-content\/uploads\/2019\/06\/fotoa-9-e1561016370793-1024x872.jpg 1024w, https:\/\/diarioregionaldigital.com.br\/wp-content\/uploads\/2019\/06\/fotoa-9-e1561016370793-360x307.jpg 360w\" sizes=\"auto, (max-width: 680px) 100vw, 680px\" \/><p id=\"caption-attachment-142378\" class=\"wp-caption-text\">Favorito em JF nas artes pl\u00e1sticas, Henrique Lott preparando para breve rica exposi\u00e7\u00e3o<\/p><\/div>\n<div id=\"attachment_142380\" style=\"width: 690px\" class=\"wp-caption aligncenter\"><img loading=\"lazy\" decoding=\"async\" aria-describedby=\"caption-attachment-142380\" class=\"wp-image-142380\" src=\"https:\/\/diarioregionaldigital.com.br\/wp-content\/uploads\/2019\/06\/fotoc-11-e1561016435117.jpg\" alt=\"\" width=\"680\" height=\"493\" srcset=\"https:\/\/diarioregionaldigital.com.br\/wp-content\/uploads\/2019\/06\/fotoc-11-e1561016435117.jpg 1173w, https:\/\/diarioregionaldigital.com.br\/wp-content\/uploads\/2019\/06\/fotoc-11-e1561016435117-300x218.jpg 300w, https:\/\/diarioregionaldigital.com.br\/wp-content\/uploads\/2019\/06\/fotoc-11-e1561016435117-768x557.jpg 768w, https:\/\/diarioregionaldigital.com.br\/wp-content\/uploads\/2019\/06\/fotoc-11-e1561016435117-1024x743.jpg 1024w, https:\/\/diarioregionaldigital.com.br\/wp-content\/uploads\/2019\/06\/fotoc-11-e1561016435117-360x261.jpg 360w\" sizes=\"auto, (max-width: 680px) 100vw, 680px\" \/><p id=\"caption-attachment-142380\" class=\"wp-caption-text\">Em ritmo junino na Padaria Trigale em Santa Terezinha, Gustavinho J\u00fanior, Valquiria Barros Almeida e Valdir J\u00fanior<\/p><\/div>\n<div id=\"attachment_142381\" style=\"width: 690px\" class=\"wp-caption aligncenter\"><img loading=\"lazy\" decoding=\"async\" aria-describedby=\"caption-attachment-142381\" class=\"wp-image-142381\" src=\"https:\/\/diarioregionaldigital.com.br\/wp-content\/uploads\/2019\/06\/fotod-11-e1561016466252.jpg\" alt=\"\" width=\"680\" height=\"787\" srcset=\"https:\/\/diarioregionaldigital.com.br\/wp-content\/uploads\/2019\/06\/fotod-11-e1561016466252.jpg 1173w, https:\/\/diarioregionaldigital.com.br\/wp-content\/uploads\/2019\/06\/fotod-11-e1561016466252-259x300.jpg 259w, https:\/\/diarioregionaldigital.com.br\/wp-content\/uploads\/2019\/06\/fotod-11-e1561016466252-768x889.jpg 768w, https:\/\/diarioregionaldigital.com.br\/wp-content\/uploads\/2019\/06\/fotod-11-e1561016466252-885x1024.jpg 885w, https:\/\/diarioregionaldigital.com.br\/wp-content\/uploads\/2019\/06\/fotod-11-e1561016466252-360x417.jpg 360w\" sizes=\"auto, (max-width: 680px) 100vw, 680px\" \/><p id=\"caption-attachment-142381\" class=\"wp-caption-text\">Em tarde de churrasco no Nossa Senhora Aparecida, Anderson Ara\u00fajo e Ren\u00ea Evangelista<\/p><\/div>\n<div id=\"attachment_142382\" style=\"width: 690px\" class=\"wp-caption aligncenter\"><img loading=\"lazy\" decoding=\"async\" aria-describedby=\"caption-attachment-142382\" class=\"wp-image-142382\" src=\"https:\/\/diarioregionaldigital.com.br\/wp-content\/uploads\/2019\/06\/fotoe-12-e1561016500353.jpg\" alt=\"\" width=\"680\" height=\"600\" srcset=\"https:\/\/diarioregionaldigital.com.br\/wp-content\/uploads\/2019\/06\/fotoe-12-e1561016500353.jpg 1176w, https:\/\/diarioregionaldigital.com.br\/wp-content\/uploads\/2019\/06\/fotoe-12-e1561016500353-300x265.jpg 300w, https:\/\/diarioregionaldigital.com.br\/wp-content\/uploads\/2019\/06\/fotoe-12-e1561016500353-768x677.jpg 768w, https:\/\/diarioregionaldigital.com.br\/wp-content\/uploads\/2019\/06\/fotoe-12-e1561016500353-1024x903.jpg 1024w, https:\/\/diarioregionaldigital.com.br\/wp-content\/uploads\/2019\/06\/fotoe-12-e1561016500353-360x317.jpg 360w, https:\/\/diarioregionaldigital.com.br\/wp-content\/uploads\/2019\/06\/fotoe-12-e1561016500353-555x490.jpg 555w\" sizes=\"auto, (max-width: 680px) 100vw, 680px\" \/><p id=\"caption-attachment-142382\" class=\"wp-caption-text\">Lindos em ritmo junino no Forte de Copacabana (RJ), Pietro e o tio Eduardo Gama<\/p><\/div>\n<div id=\"attachment_142383\" style=\"width: 690px\" class=\"wp-caption aligncenter\"><img loading=\"lazy\" decoding=\"async\" aria-describedby=\"caption-attachment-142383\" class=\"wp-image-142383\" src=\"https:\/\/diarioregionaldigital.com.br\/wp-content\/uploads\/2019\/06\/fotof-11-e1561016543331.jpg\" alt=\"\" width=\"680\" height=\"564\" srcset=\"https:\/\/diarioregionaldigital.com.br\/wp-content\/uploads\/2019\/06\/fotof-11-e1561016543331.jpg 1170w, https:\/\/diarioregionaldigital.com.br\/wp-content\/uploads\/2019\/06\/fotof-11-e1561016543331-300x249.jpg 300w, https:\/\/diarioregionaldigital.com.br\/wp-content\/uploads\/2019\/06\/fotof-11-e1561016543331-768x637.jpg 768w, https:\/\/diarioregionaldigital.com.br\/wp-content\/uploads\/2019\/06\/fotof-11-e1561016543331-1024x849.jpg 1024w, https:\/\/diarioregionaldigital.com.br\/wp-content\/uploads\/2019\/06\/fotof-11-e1561016543331-360x298.jpg 360w\" sizes=\"auto, (max-width: 680px) 100vw, 680px\" \/><p id=\"caption-attachment-142383\" class=\"wp-caption-text\">Na festa junina kids no Trade Hotel, os pequenos e fofos Arthur Chiavegatto e Amanda Branco<\/p><\/div>\n<div id=\"attachment_142384\" style=\"width: 690px\" class=\"wp-caption aligncenter\"><img loading=\"lazy\" decoding=\"async\" aria-describedby=\"caption-attachment-142384\" class=\"wp-image-142384\" src=\"https:\/\/diarioregionaldigital.com.br\/wp-content\/uploads\/2019\/06\/fotog-12-e1561016569246.jpg\" alt=\"\" width=\"680\" height=\"537\" srcset=\"https:\/\/diarioregionaldigital.com.br\/wp-content\/uploads\/2019\/06\/fotog-12-e1561016569246.jpg 1176w, https:\/\/diarioregionaldigital.com.br\/wp-content\/uploads\/2019\/06\/fotog-12-e1561016569246-300x237.jpg 300w, https:\/\/diarioregionaldigital.com.br\/wp-content\/uploads\/2019\/06\/fotog-12-e1561016569246-768x607.jpg 768w, https:\/\/diarioregionaldigital.com.br\/wp-content\/uploads\/2019\/06\/fotog-12-e1561016569246-1024x809.jpg 1024w, https:\/\/diarioregionaldigital.com.br\/wp-content\/uploads\/2019\/06\/fotog-12-e1561016569246-360x284.jpg 360w\" sizes=\"auto, (max-width: 680px) 100vw, 680px\" \/><p id=\"caption-attachment-142384\" class=\"wp-caption-text\">Mulheres rainha na Vag\u00e3o de Pizza, Welaine Elias, Maria Helena Fonseca Elias e Val\u00e9ria Elias<\/p><\/div>\n<div id=\"attachment_142385\" style=\"width: 690px\" class=\"wp-caption aligncenter\"><img loading=\"lazy\" decoding=\"async\" aria-describedby=\"caption-attachment-142385\" class=\"wp-image-142385\" src=\"https:\/\/diarioregionaldigital.com.br\/wp-content\/uploads\/2019\/06\/fotoh-10-e1561016605684.jpg\" alt=\"\" width=\"680\" height=\"597\" srcset=\"https:\/\/diarioregionaldigital.com.br\/wp-content\/uploads\/2019\/06\/fotoh-10-e1561016605684.jpg 1044w, https:\/\/diarioregionaldigital.com.br\/wp-content\/uploads\/2019\/06\/fotoh-10-e1561016605684-300x264.jpg 300w, https:\/\/diarioregionaldigital.com.br\/wp-content\/uploads\/2019\/06\/fotoh-10-e1561016605684-768x675.jpg 768w, https:\/\/diarioregionaldigital.com.br\/wp-content\/uploads\/2019\/06\/fotoh-10-e1561016605684-1024x899.jpg 1024w, https:\/\/diarioregionaldigital.com.br\/wp-content\/uploads\/2019\/06\/fotoh-10-e1561016605684-685x600.jpg 685w, https:\/\/diarioregionaldigital.com.br\/wp-content\/uploads\/2019\/06\/fotoh-10-e1561016605684-360x316.jpg 360w\" sizes=\"auto, (max-width: 680px) 100vw, 680px\" \/><p id=\"caption-attachment-142385\" class=\"wp-caption-text\">A linda Malu Pires aniversariando ladeada dos bonit\u00e3os Gabriel Delamare e J\u00fanior Pires<\/p><\/div>\n<div id=\"attachment_142386\" style=\"width: 690px\" class=\"wp-caption aligncenter\"><img loading=\"lazy\" decoding=\"async\" aria-describedby=\"caption-attachment-142386\" class=\"wp-image-142386\" src=\"https:\/\/diarioregionaldigital.com.br\/wp-content\/uploads\/2019\/06\/fotoi-12-e1561016639436.jpg\" alt=\"\" width=\"680\" height=\"483\" srcset=\"https:\/\/diarioregionaldigital.com.br\/wp-content\/uploads\/2019\/06\/fotoi-12-e1561016639436.jpg 1513w, https:\/\/diarioregionaldigital.com.br\/wp-content\/uploads\/2019\/06\/fotoi-12-e1561016639436-300x213.jpg 300w, https:\/\/diarioregionaldigital.com.br\/wp-content\/uploads\/2019\/06\/fotoi-12-e1561016639436-768x546.jpg 768w, https:\/\/diarioregionaldigital.com.br\/wp-content\/uploads\/2019\/06\/fotoi-12-e1561016639436-1024x728.jpg 1024w, https:\/\/diarioregionaldigital.com.br\/wp-content\/uploads\/2019\/06\/fotoi-12-e1561016639436-360x256.jpg 360w, https:\/\/diarioregionaldigital.com.br\/wp-content\/uploads\/2019\/06\/fotoi-12-e1561016639436-100x70.jpg 100w\" sizes=\"auto, (max-width: 680px) 100vw, 680px\" \/><p id=\"caption-attachment-142386\" class=\"wp-caption-text\">Em noite de baile top no C\u00edrculo Militar, Cristiano Toledo, Maria Helena Macedo (presidente) e Jorge Luis Macedo<\/p><\/div>\n<div id=\"attachment_142387\" style=\"width: 690px\" class=\"wp-caption aligncenter\"><img loading=\"lazy\" decoding=\"async\" aria-describedby=\"caption-attachment-142387\" class=\"wp-image-142387\" src=\"https:\/\/diarioregionaldigital.com.br\/wp-content\/uploads\/2019\/06\/fotoj-8-e1561016670521.jpg\" alt=\"\" width=\"680\" height=\"553\" srcset=\"https:\/\/diarioregionaldigital.com.br\/wp-content\/uploads\/2019\/06\/fotoj-8-e1561016670521.jpg 1176w, https:\/\/diarioregionaldigital.com.br\/wp-content\/uploads\/2019\/06\/fotoj-8-e1561016670521-300x244.jpg 300w, https:\/\/diarioregionaldigital.com.br\/wp-content\/uploads\/2019\/06\/fotoj-8-e1561016670521-768x624.jpg 768w, https:\/\/diarioregionaldigital.com.br\/wp-content\/uploads\/2019\/06\/fotoj-8-e1561016670521-1024x832.jpg 1024w, https:\/\/diarioregionaldigital.com.br\/wp-content\/uploads\/2019\/06\/fotoj-8-e1561016670521-220x180.jpg 220w, https:\/\/diarioregionaldigital.com.br\/wp-content\/uploads\/2019\/06\/fotoj-8-e1561016670521-360x293.jpg 360w\" sizes=\"auto, (max-width: 680px) 100vw, 680px\" \/><p id=\"caption-attachment-142387\" class=\"wp-caption-text\">No Privilaje do Vitorino, Let\u00edcia Lima (aniversariando) ganhou festa da m\u00e3e Orne\u00eddes Lima<\/p><\/div>\n<div id=\"attachment_142388\" style=\"width: 690px\" class=\"wp-caption aligncenter\"><img loading=\"lazy\" decoding=\"async\" aria-describedby=\"caption-attachment-142388\" class=\"wp-image-142388\" src=\"https:\/\/diarioregionaldigital.com.br\/wp-content\/uploads\/2019\/06\/fotol-7-e1561016693301.jpg\" alt=\"\" width=\"680\" height=\"498\" srcset=\"https:\/\/diarioregionaldigital.com.br\/wp-content\/uploads\/2019\/06\/fotol-7-e1561016693301.jpg 1194w, https:\/\/diarioregionaldigital.com.br\/wp-content\/uploads\/2019\/06\/fotol-7-e1561016693301-300x220.jpg 300w, https:\/\/diarioregionaldigital.com.br\/wp-content\/uploads\/2019\/06\/fotol-7-e1561016693301-768x562.jpg 768w, https:\/\/diarioregionaldigital.com.br\/wp-content\/uploads\/2019\/06\/fotol-7-e1561016693301-1024x750.jpg 1024w, https:\/\/diarioregionaldigital.com.br\/wp-content\/uploads\/2019\/06\/fotol-7-e1561016693301-360x264.jpg 360w\" sizes=\"auto, (max-width: 680px) 100vw, 680px\" \/><p id=\"caption-attachment-142388\" class=\"wp-caption-text\">Em S\u00e3o Paulo fazendo social, os bonit\u00f5es Fred Gon\u00e7alves e Gean Alc\u00e2ntara<\/p><\/div>\n<p style=\"text-align: center;\"><strong>FOTOSS\u00cdNTESE<\/strong><\/p>\n<p>O bonito casal J\u00e9ssica Bissoli Tolomelli e Evandro Ramos Ribeiro de Oliveira ir\u00e3o protagonizar casamento elegante no dia 20 de junho, \u00e0s 15h30, no Marcellu\u2019s Aero.<\/p>\n<p>Para comemorar o 6\u00ba anivers\u00e1rio, o Centro de Beleza e Est\u00e9tica Fabiana Caniato promove festa no dia 6 de junho, \u00e0s 17h30, no Sindicato dos Banc\u00e1rios na rua Batista de Oliveira, n\u00ba 745, Centro.<\/p>\n<p>Em ritmo de ziriguidum, a Arteria promove \u00e0s 16h, no domingo, 23, show com Esta\u00e7\u00e3o do Samba.<\/p>\n<p>Depois de fazer sucesso com Festival de Pr\u00eamios no Shopping Alameda, a turma gente boa da Aban est\u00e1 mobilizando mais eventos.<\/p>\n<p>La\u00eds e Rodrigo soltam a voz no domingo, 23, \u00e0s 14h, no Cantinho da Cachoeira.<\/p>\n<p>Conjugando talento e criatividade, Carolina e Marcos Hallack est\u00e3o comemorando os dez anos da Sa\u00fade Performance.<\/p>\n<p>Est\u00e1 bel\u00edssima a cole\u00e7\u00e3o masculina de inverno da loja M.Marques. As roupas super transadas deixam o homem com ar de modernidade.<br \/>\nLucimar e Fernando Vilella com os filhos Pedro e Mariana j\u00e1 est\u00e3o de f\u00e9rias em B\u00fazios (RJ).<\/p>\n<p>Circulando no Muzik os amigos Lucas Martins, Josiane Mello, Marcos Aur\u00e9lio Ciuffo e Djanira Souza.<\/p>\n<p>A elegante Maria Rita Gomes da Rocha e o marido Roberto Luis da Rocha passaram uns dias em Juiz de Fora e j\u00e1 est\u00e3o curtindo o ap\u00ea de Copacabana, no Rio.<\/p>\n<p>Aten\u00e7\u00e3o: H\u00e1 quem viva nesta vida poupando tudo que tem se preocupando em deixar: carro, casa ou outro bem. Mas digo uma verdade: bom mesmo \u00e9 deixar saudade no cora\u00e7\u00e3o de algu\u00e9m. Bom dia.<\/p>\n<p><img loading=\"lazy\" decoding=\"async\" class=\"aligncenter size-full wp-image-142227\" src=\"https:\/\/diarioregionaldigital.com.br\/wp-content\/uploads\/2019\/06\/anuncio7.jpg\" alt=\"\" width=\"3477\" height=\"1288\" srcset=\"https:\/\/diarioregionaldigital.com.br\/wp-content\/uploads\/2019\/06\/anuncio7.jpg 3477w, https:\/\/diarioregionaldigital.com.br\/wp-content\/uploads\/2019\/06\/anuncio7-300x111.jpg 300w, https:\/\/diarioregionaldigital.com.br\/wp-content\/uploads\/2019\/06\/anuncio7-768x284.jpg 768w, https:\/\/diarioregionaldigital.com.br\/wp-content\/uploads\/2019\/06\/anuncio7-1024x379.jpg 1024w, https:\/\/diarioregionaldigital.com.br\/wp-content\/uploads\/2019\/06\/anuncio7-360x133.jpg 360w\" sizes=\"auto, (max-width: 3477px) 100vw, 3477px\" \/><\/p>\n","protected":false},"excerpt":{"rendered":"<p>Quadro de Avisos A Arquidiocese de Juiz de Fora est\u00e1 em festa. O Papa Francisco nomeou o reitor do Semin\u00e1rio Arquidiocesano Santo Ant\u00f4nio, Padre Roberto Jos\u00e9 da Silva, bispo da Diocese de Jana\u00faba (MG). A decis\u00e3o foi comunicada pela Nunciatura Apost\u00f3lica no Brasil. Nela, o Santo Padre acolheu o pedido de ren\u00fancia de Dom Ricardo [&hellip;]<\/p>\n","protected":false},"author":96,"featured_media":142379,"comment_status":"closed","ping_status":"closed","sticky":false,"template":"","format":"standard","meta":{"footnotes":""},"categories":[264],"tags":[],"class_list":["post-142389","post","type-post","status-publish","format-standard","has-post-thumbnail","hentry","category-eduardo-gomes"],"_links":{"self":[{"href":"https:\/\/diarioregionaldigital.com.br\/index.php?rest_route=\/wp\/v2\/posts\/142389","targetHints":{"allow":["GET"]}}],"collection":[{"href":"https:\/\/diarioregionaldigital.com.br\/index.php?rest_route=\/wp\/v2\/posts"}],"about":[{"href":"https:\/\/diarioregionaldigital.com.br\/index.php?rest_route=\/wp\/v2\/types\/post"}],"author":[{"embeddable":true,"href":"https:\/\/diarioregionaldigital.com.br\/index.php?rest_route=\/wp\/v2\/users\/96"}],"replies":[{"embeddable":true,"href":"https:\/\/diarioregionaldigital.com.br\/index.php?rest_route=%2Fwp%2Fv2%2Fcomments&post=142389"}],"version-history":[{"count":0,"href":"https:\/\/diarioregionaldigital.com.br\/index.php?rest_route=\/wp\/v2\/posts\/142389\/revisions"}],"wp:featuredmedia":[{"embeddable":true,"href":"https:\/\/diarioregionaldigital.com.br\/index.php?rest_route=\/wp\/v2\/media\/142379"}],"wp:attachment":[{"href":"https:\/\/diarioregionaldigital.com.br\/index.php?rest_route=%2Fwp%2Fv2%2Fmedia&parent=142389"}],"wp:term":[{"taxonomy":"category","embeddable":true,"href":"https:\/\/diarioregionaldigital.com.br\/index.php?rest_route=%2Fwp%2Fv2%2Fcategories&post=142389"},{"taxonomy":"post_tag","embeddable":true,"href":"https:\/\/diarioregionaldigital.com.br\/index.php?rest_route=%2Fwp%2Fv2%2Ftags&post=142389"}],"curies":[{"name":"wp","href":"https:\/\/api.w.org\/{rel}","templated":true}]}}