{"id":142373,"date":"2019-06-20T06:00:37","date_gmt":"2019-06-20T09:00:37","guid":{"rendered":"https:\/\/diarioregionaldigital.com.br\/?p=142373"},"modified":"2019-06-24T16:34:52","modified_gmt":"2019-06-24T19:34:52","slug":"142373","status":"publish","type":"post","link":"https:\/\/diarioregionaldigital.com.br\/?p=142373","title":{"rendered":"Edital de Convoca\u00e7\u00e3o &#8211; CONDOM\u00cdNIO \u201cEDIF\u00cdCIO RESIDENCIAL NOVA S\u00c3O GERALDO\u201d &#8211; 20\/06\/19"},"content":{"rendered":"<p style=\"text-align: center;\"><strong>EDIF\u00cdCIO RESIDENCIAL NOVA S\u00c3O GERALDO \u2013\u00a0 <u>CONVOCA\u00c7\u00c3O<\/u> \u2013 ASSEMBLEIA GERAL ORDIN\u00c1RIA<\/strong><\/p>\n<p style=\"text-align: center;\">Ficam todas as cond\u00f4minas e todos os cond\u00f4minos do <strong>CONDOM\u00cdNIO \u201cEDIF\u00cdCIO RESIDENCIAL NOVA S\u00c3O GERALDO\u201d<\/strong> convocados para a Assembleia Geral Ordin\u00e1ria, nos termos da Conven\u00e7\u00e3o e atendendo aos Artigos 1335 e 1350 do C\u00f3digo Civil Brasileiro, a realizar-se na Rua Hor\u00e1cio Alberto de Assis, n\u00ba 09, bairro Previdenci\u00e1rios (Sal\u00e3o <em>Click Festas<\/em>), no dia <strong><u>18\/07\/2019<\/u><\/strong> (quinta-feira) \u00e0s <u>19h25min<\/u> em 1\u00aa convoca\u00e7\u00e3o e \u00e0s <u>19h55min<\/u> em 2\u00aa convoca\u00e7\u00e3o (com quaisquer n\u00fameros de presentes, conforme a Conven\u00e7\u00e3o e cumprindo o C\u00f3digo Civil Brasileiro) a fim de ser deliberada a seguinte Ordem do Dia:<\/p>\n<p style=\"text-align: center;\"><strong>\u00a0\u00a0\u00a0\u00a0\u00a0\u00a0\u00a0\u00a0\u00a0\u00a0\u00a0 1.1<\/strong> Considera\u00e7\u00f5es iniciais e endere\u00e7os; <strong>1.2<\/strong> Homologa\u00e7\u00e3o dos atos administrativos, seguro e delibera\u00e7\u00e3o de Internet \u201cfibra \u00f3tica\u201d; <strong>1.3<\/strong> Procedimentos de Cobran\u00e7as, Protesto em Tabelionado\/Cart\u00f3rio e A\u00e7\u00f5es Judiciais; <strong>2<\/strong> Impugna\u00e7\u00e3o administrativa e judicial da Assembleia Extraordin\u00e1ria anterior de 12\/03\/2019; <strong>3.1 <\/strong>Delibera\u00e7\u00e3o sobre contas\/balancetes e auditoria; <strong>3.2<\/strong> Presta\u00e7\u00e3o de contas<strong>*<\/strong>; <strong>3<\/strong> Previs\u00e3o or\u00e7ament\u00e1ria e contribui\u00e7\u00e3o dos cond\u00f4minos; <strong>4<\/strong> Obras; <strong>5<\/strong> Elei\u00e7\u00e3o de comiss\u00f5es; <strong>6<\/strong> Comunica\u00e7\u00e3o oficial do S\u00edndico ao Condom\u00ednio.<\/p>\n<p style=\"text-align: center;\"><strong>\u00a0\u00a0\u00a0\u00a0\u00a0\u00a0\u00a0\u00a0\u00a0\u00a0\u00a0 <\/strong><strong>*<\/strong><strong>Aten\u00e7\u00e3o<\/strong>: Os balancetes foram disponibilizados mensalmente e os esclarecimentos poder\u00e3o ser enviadas por e-mail, at\u00e9 o dia 10\/06\/2019, para <a href=\"mailto:adm@angeloeferrari.com.br\">adm@angeloeferrari.com.br<\/a>. Ressalto que os e-mails dever\u00e3o ter a correta identifica\u00e7\u00e3o do cond\u00f4mino e unidade, com respeito ao nexo assemblear do item 3.2 exclusivamente.<\/p>\n<p style=\"text-align: center;\">\u00a0\u00a0\u00a0\u00a0\u00a0\u00a0\u00a0\u00a0\u00a0\u00a0\u00a0 Tendo em vista a relev\u00e2ncia dos assuntos a serem tratados, lembro da necessidade da participa\u00e7\u00e3o de todos titulares legalmente habilitados ou que se fa\u00e7am representar por procura\u00e7\u00e3o espec\u00edfica para essa assembleia que possibilite o reconhecimento leg\u00edtimo e induvidoso do representante e do representado. Os cond\u00f4minos s\u00e3o respons\u00e1veis por seus acompanhantes no que tange termos um bom andamento da reuni\u00e3o. Esclare\u00e7o ainda, que as decis\u00f5es tomadas em assembleia impor-se-\u00e3o a todos, inclusive, aos ausentes. <strong>S\u00edndico Marcos de Lima Schuchter. 19\/06\/2019.<\/strong><\/p>\n","protected":false},"excerpt":{"rendered":"<p>EDIF\u00cdCIO RESIDENCIAL NOVA S\u00c3O GERALDO \u2013\u00a0 CONVOCA\u00c7\u00c3O \u2013 ASSEMBLEIA GERAL ORDIN\u00c1RIA Ficam todas as cond\u00f4minas e todos os cond\u00f4minos do CONDOM\u00cdNIO \u201cEDIF\u00cdCIO RESIDENCIAL NOVA S\u00c3O GERALDO\u201d convocados para a Assembleia Geral Ordin\u00e1ria, nos termos da Conven\u00e7\u00e3o e atendendo aos Artigos 1335 e 1350 do C\u00f3digo Civil Brasileiro, a realizar-se na Rua Hor\u00e1cio Alberto de Assis, [&hellip;]<\/p>\n","protected":false},"author":96,"featured_media":0,"comment_status":"closed","ping_status":"closed","sticky":false,"template":"","format":"standard","meta":{"footnotes":""},"categories":[307],"tags":[],"class_list":["post-142373","post","type-post","status-publish","format-standard","hentry","category-editais"],"_links":{"self":[{"href":"https:\/\/diarioregionaldigital.com.br\/index.php?rest_route=\/wp\/v2\/posts\/142373","targetHints":{"allow":["GET"]}}],"collection":[{"href":"https:\/\/diarioregionaldigital.com.br\/index.php?rest_route=\/wp\/v2\/posts"}],"about":[{"href":"https:\/\/diarioregionaldigital.com.br\/index.php?rest_route=\/wp\/v2\/types\/post"}],"author":[{"embeddable":true,"href":"https:\/\/diarioregionaldigital.com.br\/index.php?rest_route=\/wp\/v2\/users\/96"}],"replies":[{"embeddable":true,"href":"https:\/\/diarioregionaldigital.com.br\/index.php?rest_route=%2Fwp%2Fv2%2Fcomments&post=142373"}],"version-history":[{"count":0,"href":"https:\/\/diarioregionaldigital.com.br\/index.php?rest_route=\/wp\/v2\/posts\/142373\/revisions"}],"wp:attachment":[{"href":"https:\/\/diarioregionaldigital.com.br\/index.php?rest_route=%2Fwp%2Fv2%2Fmedia&parent=142373"}],"wp:term":[{"taxonomy":"category","embeddable":true,"href":"https:\/\/diarioregionaldigital.com.br\/index.php?rest_route=%2Fwp%2Fv2%2Fcategories&post=142373"},{"taxonomy":"post_tag","embeddable":true,"href":"https:\/\/diarioregionaldigital.com.br\/index.php?rest_route=%2Fwp%2Fv2%2Ftags&post=142373"}],"curies":[{"name":"wp","href":"https:\/\/api.w.org\/{rel}","templated":true}]}}