{"id":142356,"date":"2019-06-21T06:00:32","date_gmt":"2019-06-21T09:00:32","guid":{"rendered":"https:\/\/diarioregionaldigital.com.br\/?p=142356"},"modified":"2019-06-19T19:08:11","modified_gmt":"2019-06-19T22:08:11","slug":"festa-junina-altera-circulacao-no-bairro-santa-helena","status":"publish","type":"post","link":"https:\/\/diarioregionaldigital.com.br\/?p=142356","title":{"rendered":"Festa junina altera circula\u00e7\u00e3o no Bairro Santa Helena"},"content":{"rendered":"<p>A Secretaria de Transportes e Tr\u00e2nsito (Settra) vai alterar o tr\u00e2nsito no Bairro Santa Helena entre sexta-feira, 21, e domingo, 23, para uma Festa Junina da Igreja Melquita. Haver\u00e1 interdi\u00e7\u00e3o total na Rua Vilela Filho, entre as ruas S\u00e3o Sebasti\u00e3o e Benjamin Constant. Os cruzamentos n\u00e3o ser\u00e3o fechados.<\/p>\n<p>Os \u00f4nibus urbanos que circulam na via, sofrem os seguintes desvios:<\/p>\n<p><b>Linhas 221 e 222 &#8211; Bom Pastor\/Santa Catarina:<\/b><\/p>\n<p>Sentido Santa Catarina\/Bom Pastor: Rua Visconde de Mau\u00e1, Rua S\u00e3o Sebasti\u00e3o, Rua Tiradentes, Rua Benjamim Constant, Rua Vilela Filho.<\/p>\n<p><b>LINHA 501- Padre Caf\u00e9 \/Jardim Gl\u00f3ria:<\/b><\/p>\n<p>Sentido Padre Caf\u00e9\/Jardim Gl\u00f3ria: Rua Oleg\u00e1rio Maciel, Rua Benjamim Constant, Rua Vilela Filho.<\/p>\n<p>Fonte: PJF<\/p>\n","protected":false},"excerpt":{"rendered":"<p>A Secretaria de Transportes e Tr\u00e2nsito (Settra) vai alterar o tr\u00e2nsito no Bairro Santa Helena entre sexta-feira, 21, e domingo, 23, para uma Festa Junina da Igreja Melquita. Haver\u00e1 interdi\u00e7\u00e3o total na Rua Vilela Filho, entre as ruas S\u00e3o Sebasti\u00e3o e Benjamin Constant. Os cruzamentos n\u00e3o ser\u00e3o fechados. Os \u00f4nibus urbanos que circulam na via, [&hellip;]<\/p>\n","protected":false},"author":96,"featured_media":142358,"comment_status":"closed","ping_status":"closed","sticky":false,"template":"","format":"standard","meta":{"footnotes":""},"categories":[253,436,440,439],"tags":[],"class_list":["post-142356","post","type-post","status-publish","format-standard","has-post-thumbnail","hentry","category-cidade","category-destaque-da-semana","category-destaques-do-dia","category-ultima-hora"],"_links":{"self":[{"href":"https:\/\/diarioregionaldigital.com.br\/index.php?rest_route=\/wp\/v2\/posts\/142356","targetHints":{"allow":["GET"]}}],"collection":[{"href":"https:\/\/diarioregionaldigital.com.br\/index.php?rest_route=\/wp\/v2\/posts"}],"about":[{"href":"https:\/\/diarioregionaldigital.com.br\/index.php?rest_route=\/wp\/v2\/types\/post"}],"author":[{"embeddable":true,"href":"https:\/\/diarioregionaldigital.com.br\/index.php?rest_route=\/wp\/v2\/users\/96"}],"replies":[{"embeddable":true,"href":"https:\/\/diarioregionaldigital.com.br\/index.php?rest_route=%2Fwp%2Fv2%2Fcomments&post=142356"}],"version-history":[{"count":0,"href":"https:\/\/diarioregionaldigital.com.br\/index.php?rest_route=\/wp\/v2\/posts\/142356\/revisions"}],"wp:featuredmedia":[{"embeddable":true,"href":"https:\/\/diarioregionaldigital.com.br\/index.php?rest_route=\/wp\/v2\/media\/142358"}],"wp:attachment":[{"href":"https:\/\/diarioregionaldigital.com.br\/index.php?rest_route=%2Fwp%2Fv2%2Fmedia&parent=142356"}],"wp:term":[{"taxonomy":"category","embeddable":true,"href":"https:\/\/diarioregionaldigital.com.br\/index.php?rest_route=%2Fwp%2Fv2%2Fcategories&post=142356"},{"taxonomy":"post_tag","embeddable":true,"href":"https:\/\/diarioregionaldigital.com.br\/index.php?rest_route=%2Fwp%2Fv2%2Ftags&post=142356"}],"curies":[{"name":"wp","href":"https:\/\/api.w.org\/{rel}","templated":true}]}}