{"id":142342,"date":"2019-06-21T06:00:57","date_gmt":"2019-06-21T09:00:57","guid":{"rendered":"https:\/\/diarioregionaldigital.com.br\/?p=142342"},"modified":"2019-06-24T13:48:07","modified_gmt":"2019-06-24T16:48:07","slug":"penido-sedia-bem-comunidade-no-sabado-com-lazer-e-servicos-da-pjf","status":"publish","type":"post","link":"https:\/\/diarioregionaldigital.com.br\/?p=142342","title":{"rendered":"Penido sedia \u201cBem Comunidade\u201d no s\u00e1bado com lazer e servi\u00e7os da PJF"},"content":{"rendered":"<p>Ser\u00e1 realizada neste s\u00e1bado, 22, a segunda edi\u00e7\u00e3o do \u201cBem Comunidade\u201d, das 9h30 \u00e0s 13 horas, no campo de futebol do Distrito de Penido. O evento \u00e9 organizado pela Secretaria de Educa\u00e7\u00e3o (SE) da Prefeitura de Juiz de Fora (PJF), em parceira com a empresa Nexa, atrav\u00e9s do programa \u201cParceria pela Valoriza\u00e7\u00e3o da Educa\u00e7\u00e3o\u201d (PVE). Diversas secretarias da PJF tamb\u00e9m estar\u00e3o envolvidas na a\u00e7\u00e3o. A proposta \u00e9 integrar comunidade e escola, atrav\u00e9s de diferentes atividades.<\/p>\n<p>Ser\u00e3o disponibilizados servi\u00e7os de aferi\u00e7\u00e3o de press\u00e3o arterial e avalia\u00e7\u00e3o f\u00edsica, atrav\u00e9s da parceria com a Secretaria de Sa\u00fade (SS); e orienta\u00e7\u00f5es sobre o Programa Bolsa Fam\u00edlia, com o Centro de Refer\u00eancia de Assist\u00eancia Social (Cras) da Secretaria de Desenvolvimento Social (SDS). A Ag\u00eancia de Prote\u00e7\u00e3o e Defesa do Consumidor, atrav\u00e9s do \u201cProcon M\u00f3vel\u201d, tamb\u00e9m estar\u00e1 no local, atendendo \u00e0s pessoas, tirando d\u00favidas ou ajudando na solu\u00e7\u00e3o de problemas relacionados \u00e0 compra de bens ou aquisi\u00e7\u00e3o de servi\u00e7os. E para crian\u00e7as e jovens, l\u00e1 estar\u00e3o os equipamentos do \u201cJF Lazer\u201d, da Secretaria de Esporte e Lazer (SEL).<\/p>\n<p>Com o tema \u201cValoriza\u00e7\u00e3o da Educa\u00e7\u00e3o\u201d, a SE realizar\u00e1 gincana envolvendo os participantes. Os alunos da Escola Municipal (E. M.) \u201cNagib F\u00e9lix Coury\u201d prestigiar\u00e3o o evento, apresentando n\u00famero de dan\u00e7a. O projeto \u201cBem Comunidade\u201d j\u00e1 foi realizado no Distrito de Humait\u00e1, e ainda este ano estar\u00e1 em outras duas localidades: em 6 de julho, Ros\u00e1rio, e 20, Igrejinha.<\/p>\n<p><b>\u201cParceria pela Valoriza\u00e7\u00e3o da Educa\u00e7\u00e3o\u201d<\/b><\/p>\n<p>Programa presente em mais de cem munic\u00edpios no Brasil. \u00c9 realizado pelo Instituto Votorantim e outras empresas no pa\u00eds, juntamente com as secretarias municipais de Educa\u00e7\u00e3o. Em Juiz de Fora, a empresa Nexa realiza parceria com a SE nas atividades do PVE.<\/p>\n<p>O programa trabalha com duas frentes: forma\u00e7\u00e3o, voltada para diretores e coordenadores das escolas participantes, dentro da tem\u00e1tica escolhida pelo munic\u00edpio; e mobiliza\u00e7\u00e3o social, que tem como foco possibilitar e estimular maior participa\u00e7\u00e3o da comunidade nas decis\u00f5es e a\u00e7\u00f5es que t\u00eam impacto na aprendizagem das crian\u00e7as e jovens. Em Juiz de Fora, essa \u00e9 a segunda frente que norteia as a\u00e7\u00f5es do \u201cBem Comunidade\u201d, que conta, ainda, com a parceria da Secretaria de Comunica\u00e7\u00e3o P\u00fablica (Secom).<\/p>\n<p>Fonte: PJF<\/p>\n","protected":false},"excerpt":{"rendered":"<p>Ser\u00e1 realizada neste s\u00e1bado, 22, a segunda edi\u00e7\u00e3o do \u201cBem Comunidade\u201d, das 9h30 \u00e0s 13 horas, no campo de futebol do Distrito de Penido. O evento \u00e9 organizado pela Secretaria de Educa\u00e7\u00e3o (SE) da Prefeitura de Juiz de Fora (PJF), em parceira com a empresa Nexa, atrav\u00e9s do programa \u201cParceria pela Valoriza\u00e7\u00e3o da Educa\u00e7\u00e3o\u201d (PVE). [&hellip;]<\/p>\n","protected":false},"author":96,"featured_media":142343,"comment_status":"closed","ping_status":"closed","sticky":false,"template":"","format":"standard","meta":{"footnotes":""},"categories":[253,436,439],"tags":[],"class_list":["post-142342","post","type-post","status-publish","format-standard","has-post-thumbnail","hentry","category-cidade","category-destaque-da-semana","category-ultima-hora"],"_links":{"self":[{"href":"https:\/\/diarioregionaldigital.com.br\/index.php?rest_route=\/wp\/v2\/posts\/142342","targetHints":{"allow":["GET"]}}],"collection":[{"href":"https:\/\/diarioregionaldigital.com.br\/index.php?rest_route=\/wp\/v2\/posts"}],"about":[{"href":"https:\/\/diarioregionaldigital.com.br\/index.php?rest_route=\/wp\/v2\/types\/post"}],"author":[{"embeddable":true,"href":"https:\/\/diarioregionaldigital.com.br\/index.php?rest_route=\/wp\/v2\/users\/96"}],"replies":[{"embeddable":true,"href":"https:\/\/diarioregionaldigital.com.br\/index.php?rest_route=%2Fwp%2Fv2%2Fcomments&post=142342"}],"version-history":[{"count":0,"href":"https:\/\/diarioregionaldigital.com.br\/index.php?rest_route=\/wp\/v2\/posts\/142342\/revisions"}],"wp:featuredmedia":[{"embeddable":true,"href":"https:\/\/diarioregionaldigital.com.br\/index.php?rest_route=\/wp\/v2\/media\/142343"}],"wp:attachment":[{"href":"https:\/\/diarioregionaldigital.com.br\/index.php?rest_route=%2Fwp%2Fv2%2Fmedia&parent=142342"}],"wp:term":[{"taxonomy":"category","embeddable":true,"href":"https:\/\/diarioregionaldigital.com.br\/index.php?rest_route=%2Fwp%2Fv2%2Fcategories&post=142342"},{"taxonomy":"post_tag","embeddable":true,"href":"https:\/\/diarioregionaldigital.com.br\/index.php?rest_route=%2Fwp%2Fv2%2Ftags&post=142342"}],"curies":[{"name":"wp","href":"https:\/\/api.w.org\/{rel}","templated":true}]}}