{"id":142317,"date":"2019-06-23T06:00:27","date_gmt":"2019-06-23T09:00:27","guid":{"rendered":"https:\/\/diarioregionaldigital.com.br\/?p=142317"},"modified":"2019-06-26T16:11:46","modified_gmt":"2019-06-26T19:11:46","slug":"preco-medio-do-leite-tipo-c-tem-aumento-de-066","status":"publish","type":"post","link":"https:\/\/diarioregionaldigital.com.br\/?p=142317","title":{"rendered":"Pre\u00e7o m\u00e9dio do leite tipo C tem aumento de 0,66%"},"content":{"rendered":"<p>A nova pesquisa realizada pela Secretaria de Desenvolvimento Econ\u00f4mico, Turismo e Agropecu\u00e1ria (Sedeta) da Prefeitura de Juiz de Fora (PJF) apontou que o pre\u00e7o m\u00e9dio do leite pasteurizado integral tipo C em Juiz de Fora teve aumento de 0,66% em rela\u00e7\u00e3o \u00e0 semana passada e passou de R$3,34 para R$3,36. Os valores m\u00e1ximo e m\u00ednimo do produto permanecem R$4,25 e R$2,70, respectivamente.<\/p>\n<p>O levantamento \u00e9 realizado semanalmente pelo Departamento de Abastecimento (Daba) da Sedeta, em 53 estabelecimentos, nas oito regi\u00f5es do munic\u00edpio. O objetivo \u00e9 informar a popula\u00e7\u00e3o sobre varia\u00e7\u00f5es de pre\u00e7o do produto. Por meio do percentual do valor m\u00e9dio de comercializa\u00e7\u00e3o, os latic\u00ednios estabelecem o valor do leite in natura com produtores da cidade e regi\u00e3o.<\/p>\n","protected":false},"excerpt":{"rendered":"<p>A nova pesquisa realizada pela Secretaria de Desenvolvimento Econ\u00f4mico, Turismo e Agropecu\u00e1ria (Sedeta) da Prefeitura de Juiz de Fora (PJF) apontou que o pre\u00e7o m\u00e9dio do leite pasteurizado integral tipo C em Juiz de Fora teve aumento de 0,66% em rela\u00e7\u00e3o \u00e0 semana passada e passou de R$3,34 para R$3,36. Os valores m\u00e1ximo e m\u00ednimo [&hellip;]<\/p>\n","protected":false},"author":96,"featured_media":141545,"comment_status":"closed","ping_status":"closed","sticky":false,"template":"","format":"standard","meta":{"footnotes":""},"categories":[253,436,439],"tags":[],"class_list":["post-142317","post","type-post","status-publish","format-standard","has-post-thumbnail","hentry","category-cidade","category-destaque-da-semana","category-ultima-hora"],"_links":{"self":[{"href":"https:\/\/diarioregionaldigital.com.br\/index.php?rest_route=\/wp\/v2\/posts\/142317","targetHints":{"allow":["GET"]}}],"collection":[{"href":"https:\/\/diarioregionaldigital.com.br\/index.php?rest_route=\/wp\/v2\/posts"}],"about":[{"href":"https:\/\/diarioregionaldigital.com.br\/index.php?rest_route=\/wp\/v2\/types\/post"}],"author":[{"embeddable":true,"href":"https:\/\/diarioregionaldigital.com.br\/index.php?rest_route=\/wp\/v2\/users\/96"}],"replies":[{"embeddable":true,"href":"https:\/\/diarioregionaldigital.com.br\/index.php?rest_route=%2Fwp%2Fv2%2Fcomments&post=142317"}],"version-history":[{"count":0,"href":"https:\/\/diarioregionaldigital.com.br\/index.php?rest_route=\/wp\/v2\/posts\/142317\/revisions"}],"wp:featuredmedia":[{"embeddable":true,"href":"https:\/\/diarioregionaldigital.com.br\/index.php?rest_route=\/wp\/v2\/media\/141545"}],"wp:attachment":[{"href":"https:\/\/diarioregionaldigital.com.br\/index.php?rest_route=%2Fwp%2Fv2%2Fmedia&parent=142317"}],"wp:term":[{"taxonomy":"category","embeddable":true,"href":"https:\/\/diarioregionaldigital.com.br\/index.php?rest_route=%2Fwp%2Fv2%2Fcategories&post=142317"},{"taxonomy":"post_tag","embeddable":true,"href":"https:\/\/diarioregionaldigital.com.br\/index.php?rest_route=%2Fwp%2Fv2%2Ftags&post=142317"}],"curies":[{"name":"wp","href":"https:\/\/api.w.org\/{rel}","templated":true}]}}