{"id":142314,"date":"2019-06-23T06:00:14","date_gmt":"2019-06-23T09:00:14","guid":{"rendered":"https:\/\/diarioregionaldigital.com.br\/?p=142314"},"modified":"2019-06-19T17:35:04","modified_gmt":"2019-06-19T20:35:04","slug":"vadao-valoriza-classificacao-do-brasil-em-grupo-equilibrado","status":"publish","type":"post","link":"https:\/\/diarioregionaldigital.com.br\/?p=142314","title":{"rendered":"Vad\u00e3o valoriza classifica\u00e7\u00e3o do Brasil em grupo equilibrado"},"content":{"rendered":"<p>O t\u00e9cnico Vad\u00e3o ficou satisfeito com o que viu do Brasil na vit\u00f3ria por 1 a 0 sobre a It\u00e1lia, pela terceira rodada da fase de grupos da Copa do Mundo. Ap\u00f3s um primeiro tempo muito duro, a Sele\u00e7\u00e3o voltou bem mais incisiva e buscou o gol. Dos p\u00e9s de Marta, em cobran\u00e7a de p\u00eanalti, veio o gol que definiu o resultado da partida: 1 a 0 para o Brasil e classifica\u00e7\u00e3o garantida.<\/p>\n<p>Em entrevista ap\u00f3s o jogo, o treinador destacou a dificuldade do confronto com a It\u00e1lia, que liderava o grupo at\u00e9 esta rodada, e valorizou o resultado constru\u00eddo pelo Brasil.<\/p>\n<p>\u2013 Foi um jogo dur\u00edssimo. Acho que o Brasil foi muito equilibrado no primeiro tempo. Mas no segundo a gente foi melhor, e foi a\u00ed que aproveitamos para fazer o gol. Agora, a gente n\u00e3o tem que ficar escolhendo o advers\u00e1rio. Eu falei desde o in\u00edcio que era um grupo muito equilibrado, todo mundo terminou com seis pontos \u2013 destacou.<\/p>\n<p>Classificado na terceira posi\u00e7\u00e3o do grupo C, o Brasil agora espera a defini\u00e7\u00e3o de seu pr\u00f3ximo advers\u00e1rio. Dependendo da combina\u00e7\u00e3o dos resultados restantes, a Sele\u00e7\u00e3o pode enfrentar a Fran\u00e7a (domingo,16h) ou a Alemanha (s\u00e1bado, 12h30).<\/p>\n<p>Fonte: CBF<\/p>\n","protected":false},"excerpt":{"rendered":"<p>O t\u00e9cnico Vad\u00e3o ficou satisfeito com o que viu do Brasil na vit\u00f3ria por 1 a 0 sobre a It\u00e1lia, pela terceira rodada da fase de grupos da Copa do Mundo. Ap\u00f3s um primeiro tempo muito duro, a Sele\u00e7\u00e3o voltou bem mais incisiva e buscou o gol. Dos p\u00e9s de Marta, em cobran\u00e7a de p\u00eanalti, [&hellip;]<\/p>\n","protected":false},"author":96,"featured_media":142315,"comment_status":"closed","ping_status":"closed","sticky":false,"template":"","format":"standard","meta":{"footnotes":""},"categories":[436,257,439],"tags":[],"class_list":["post-142314","post","type-post","status-publish","format-standard","has-post-thumbnail","hentry","category-destaque-da-semana","category-esporte","category-ultima-hora"],"_links":{"self":[{"href":"https:\/\/diarioregionaldigital.com.br\/index.php?rest_route=\/wp\/v2\/posts\/142314","targetHints":{"allow":["GET"]}}],"collection":[{"href":"https:\/\/diarioregionaldigital.com.br\/index.php?rest_route=\/wp\/v2\/posts"}],"about":[{"href":"https:\/\/diarioregionaldigital.com.br\/index.php?rest_route=\/wp\/v2\/types\/post"}],"author":[{"embeddable":true,"href":"https:\/\/diarioregionaldigital.com.br\/index.php?rest_route=\/wp\/v2\/users\/96"}],"replies":[{"embeddable":true,"href":"https:\/\/diarioregionaldigital.com.br\/index.php?rest_route=%2Fwp%2Fv2%2Fcomments&post=142314"}],"version-history":[{"count":0,"href":"https:\/\/diarioregionaldigital.com.br\/index.php?rest_route=\/wp\/v2\/posts\/142314\/revisions"}],"wp:featuredmedia":[{"embeddable":true,"href":"https:\/\/diarioregionaldigital.com.br\/index.php?rest_route=\/wp\/v2\/media\/142315"}],"wp:attachment":[{"href":"https:\/\/diarioregionaldigital.com.br\/index.php?rest_route=%2Fwp%2Fv2%2Fmedia&parent=142314"}],"wp:term":[{"taxonomy":"category","embeddable":true,"href":"https:\/\/diarioregionaldigital.com.br\/index.php?rest_route=%2Fwp%2Fv2%2Fcategories&post=142314"},{"taxonomy":"post_tag","embeddable":true,"href":"https:\/\/diarioregionaldigital.com.br\/index.php?rest_route=%2Fwp%2Fv2%2Ftags&post=142314"}],"curies":[{"name":"wp","href":"https:\/\/api.w.org\/{rel}","templated":true}]}}