{"id":142302,"date":"2019-06-23T06:00:03","date_gmt":"2019-06-23T09:00:03","guid":{"rendered":"https:\/\/diarioregionaldigital.com.br\/?p=142302"},"modified":"2019-06-19T16:52:02","modified_gmt":"2019-06-19T19:52:02","slug":"qual-e-o-seu-negocio","status":"publish","type":"post","link":"https:\/\/diarioregionaldigital.com.br\/?p=142302","title":{"rendered":"Qual \u00e9 o seu neg\u00f3cio?"},"content":{"rendered":"<p>Um plano de marketing come\u00e7a sempre pela defini\u00e7\u00e3o do produto ou servi\u00e7o a ser alavancado a partir das estrat\u00e9gias a serem planejadas. No caso do marketing pessoal, essa defini\u00e7\u00e3o precisa limitar-se a uma \u00fanica frase, bem condensada, para dizer ao mundo qual \u00e9 o seu neg\u00f3cio. \u00c9 preciso dizer: qual \u00e9 o seu servi\u00e7o, a quem ele se destina e de que forma \u00e9 prestado.<\/p>\n<p>Essa frase, naturalmente, pode ser modificada com o tempo, mas ela precisa ser muito bem constru\u00edda. Ela constitui a ess\u00eancia da sua carreira em potencial, ajuda-o a concentrar a aten\u00e7\u00e3o nessa ess\u00eancia e a determinar metas a partir dela, e pode causar grande impacto no mercado.<\/p>\n<p><strong>Um jovem esportista, em busca de patroc\u00ednio, diz a um empres\u00e1rio: \u2014 Sou especialista em jogar uma bolinha para a pessoa do outro lado da quadra e em receb\u00ea-la de volta.<\/strong><\/p>\n<p><strong>Um outro, praticante da mesma modalidade de esporte, diz apenas: \u2014 Muito prazer! Minha especialidade \u00e9 o t\u00eanis&#8230;<\/strong><\/p>\n<p>&nbsp;<\/p>\n<h3>Quem \u00e9 voc\u00ea?<\/h3>\n<p>A forma como voc\u00ea se apresenta no mercado n\u00e3o est\u00e1 relacionada apenas \u00e0 sua apar\u00eancia f\u00edsica. Antes de apresentar-se pessoalmente, voc\u00ea precisa estar preparado para que a sua boa apar\u00eancia permane\u00e7a mesmo quando voc\u00ea n\u00e3o estiver presente.<\/p>\n<p>Antes de lan\u00e7ar uma carreira no mercado, \u00e9 preciso ter um <em>kit<\/em> personalizado, com cart\u00e3o de visita, curr\u00edculo, para quem est\u00e1 procurando coloca\u00e7\u00e3o em uma empresa, ou folder, no caso de profissionais aut\u00f4nomos. Tamb\u00e9m \u00e9 aconselh\u00e1vel ter um <em>layout<\/em> pr\u00f3prio de papel de carta, envelope e pasta.<\/p>\n<h2>Cart\u00e3o de visita<\/h2>\n<p>O cart\u00e3o de visita deve ser objetivo. Evite elementos que possam gerar confus\u00e3o ou conflito visual, como imagens sobrepostas, tipos ex\u00f3ticos de letras, diagrama\u00e7\u00e3o irregular ou outros recursos gr\u00e1ficos que nem sempre proporcionam o efeito pretendido por quem os criou.<\/p>\n<p>O seu cart\u00e3o de visita deve informar quem voc\u00ea \u00e9, o que faz e as formas como pode ser contatado. Qualquer outra informa\u00e7\u00e3o \u00e9 desnecess\u00e1ria. Naturalmente, pode haver criatividade em um cart\u00e3o de visita, mas esta n\u00e3o deve comprometer a clareza nem a objetividade da informa\u00e7\u00e3o.<\/p>\n<h2>Outros pap\u00e9is<\/h2>\n<p>N\u00e3o existem regras determinando que a apresenta\u00e7\u00e3o gr\u00e1fico-visual de um profissional precise ser padronizada, mas o bom senso diz que isso conta pontos a seu favor.<\/p>\n<p>Os grandes profissionais do mercado est\u00e3o acostumados com a padroniza\u00e7\u00e3o gr\u00e1fico-visual de pap\u00e9is: suas empresas, seus clientes e eles pr\u00f3prios t\u00eam pap\u00e9is padronizados. Logo, se voc\u00ea quer ser visto como um igual, fa\u00e7a como eles.<\/p>\n<p>O que foi dito a respeito de cart\u00f5es de visita vale tamb\u00e9m para os demais pap\u00e9is, cuja fun\u00e7\u00e3o \u00e9 utilit\u00e1ria. Se voc\u00ea tiver logomarca ou slogan, utilize-os nos seus pap\u00e9is; mas evite fazer neles qualquer tipo de propaganda.<\/p>\n<p>Se voc\u00ea est\u00e1 muito no come\u00e7o da sua carreira e est\u00e1 questionando a necessidade disso tudo que, imagine, ent\u00e3o, que a impress\u00e3o causada por um candidato a uma vaga que leva o curr\u00edculo em papel sulfite, e por outro que o entrega em uma pasta personalizada, juntamente com o seu cart\u00e3o de visita!<\/p>\n<p>N\u00e3o se esque\u00e7a de que voc\u00ea \u00e9 o seu produto. \u00c9 sua obriga\u00e7\u00e3o torn\u00e1-lo atraente aos olhos do consumidor.<\/p>\n","protected":false},"excerpt":{"rendered":"<p>Um plano de marketing come\u00e7a sempre pela defini\u00e7\u00e3o do produto ou servi\u00e7o a ser alavancado a partir das estrat\u00e9gias a serem planejadas. No caso do marketing pessoal, essa defini\u00e7\u00e3o precisa limitar-se a uma \u00fanica frase, bem condensada, para dizer ao mundo qual \u00e9 o seu neg\u00f3cio. \u00c9 preciso dizer: qual \u00e9 o seu servi\u00e7o, a [&hellip;]<\/p>\n","protected":false},"author":96,"featured_media":96755,"comment_status":"closed","ping_status":"closed","sticky":false,"template":"","format":"standard","meta":{"footnotes":""},"categories":[435,274,439],"tags":[],"class_list":["post-142302","post","type-post","status-publish","format-standard","has-post-thumbnail","hentry","category-colunas","category-dr-lair-ribeiro","category-ultima-hora"],"_links":{"self":[{"href":"https:\/\/diarioregionaldigital.com.br\/index.php?rest_route=\/wp\/v2\/posts\/142302","targetHints":{"allow":["GET"]}}],"collection":[{"href":"https:\/\/diarioregionaldigital.com.br\/index.php?rest_route=\/wp\/v2\/posts"}],"about":[{"href":"https:\/\/diarioregionaldigital.com.br\/index.php?rest_route=\/wp\/v2\/types\/post"}],"author":[{"embeddable":true,"href":"https:\/\/diarioregionaldigital.com.br\/index.php?rest_route=\/wp\/v2\/users\/96"}],"replies":[{"embeddable":true,"href":"https:\/\/diarioregionaldigital.com.br\/index.php?rest_route=%2Fwp%2Fv2%2Fcomments&post=142302"}],"version-history":[{"count":0,"href":"https:\/\/diarioregionaldigital.com.br\/index.php?rest_route=\/wp\/v2\/posts\/142302\/revisions"}],"wp:featuredmedia":[{"embeddable":true,"href":"https:\/\/diarioregionaldigital.com.br\/index.php?rest_route=\/wp\/v2\/media\/96755"}],"wp:attachment":[{"href":"https:\/\/diarioregionaldigital.com.br\/index.php?rest_route=%2Fwp%2Fv2%2Fmedia&parent=142302"}],"wp:term":[{"taxonomy":"category","embeddable":true,"href":"https:\/\/diarioregionaldigital.com.br\/index.php?rest_route=%2Fwp%2Fv2%2Fcategories&post=142302"},{"taxonomy":"post_tag","embeddable":true,"href":"https:\/\/diarioregionaldigital.com.br\/index.php?rest_route=%2Fwp%2Fv2%2Ftags&post=142302"}],"curies":[{"name":"wp","href":"https:\/\/api.w.org\/{rel}","templated":true}]}}