{"id":142265,"date":"2019-06-23T06:00:52","date_gmt":"2019-06-23T09:00:52","guid":{"rendered":"https:\/\/diarioregionaldigital.com.br\/?p=142265"},"modified":"2019-06-19T14:14:31","modified_gmt":"2019-06-19T17:14:31","slug":"desemprego-de-longo-prazo-cresce-424-entre-2015-e-2019","status":"publish","type":"post","link":"https:\/\/diarioregionaldigital.com.br\/?p=142265","title":{"rendered":"Desemprego de longo prazo cresce 42,4% entre 2015 e 2019"},"content":{"rendered":"<p>O n\u00famero de brasileiros que procuram trabalho h\u00e1 pelo menos dois anos chegou a 3,3 milh\u00f5es no primeiro trimestre de 2019, destacou hoje o Instituto de Pesquisa Econ\u00f4mica e Aplicada (Ipea). O n\u00famero de desempregados de longo prazo \u00e9 42,4% superior ao do mesmo per\u00edodo de 2015, primeiro ano da recente recess\u00e3o da economia brasileira.<\/p>\n<p>Uma das respons\u00e1veis pelo estudo, a t\u00e9cnica de planejamento e pesquisa do Ipea, Maria Andr\u00e9ia Parente Lameiras, disse que o mercado de trabalho \u00e9 &#8220;o pior retrato&#8221; da crise econ\u00f4mica enfrentada no pa\u00eds e afeta mais os trabalhadores menos escolarizados e as fam\u00edlias de menor renda.<\/p>\n<p>&#8220;Estamos com o mercado de trabalho ainda muito deteriorado, embora nos \u00faltimos meses a gente veja alguma rea\u00e7\u00e3o. Mas a crise tem dificultado a gera\u00e7\u00e3o mais forte de postos de trabalho&#8221;, afirmou. &#8220;Al\u00e9m de reagir depois da economia como um todo, a rea\u00e7\u00e3o [do mercado de trabalho] costuma ser muito lenta no come\u00e7o&#8221;.<\/p>\n<p>O estudo do Ipea analisou dados da Pesquisa Nacional por Amostra de Domic\u00edlios (Pnad), do Instituto Brasileiro de Geografia e Estat\u00edstica (IBGE).<\/p>\n<p>Segundo o levantamento, as mulheres s\u00e3o mais afetadas do que os homens pelo desemprego de longo prazo, e 28,8% das desempregadas est\u00e3o nessa situa\u00e7\u00e3o h\u00e1 pelo menos dois anos. No caso dos homens, o percentual \u00e9 de 20,3%.<\/p>\n<p>Os trabalhadores do Norte e do Nordeste sofrem mais com o desemprego de longo prazo do que os do Sul, Sudeste e Centro-Oeste, e os moradores de regi\u00f5es metropolitanas est\u00e3o mais expostos a isso do que os das \u00e1reas n\u00e3o metropolitanas.<\/p>\n<p>Os pesquisadores mostram ainda que o n\u00famero de desempregados que procuram trabalho h\u00e1 pelo menos dois anos cresce mais r\u00e1pido entre os jovens. Apesar disso, na faixa et\u00e1ria de 40 anos ou mais, 27,3% dos desempregados est\u00e3o nessa situa\u00e7\u00e3o.<\/p>\n<p>O cen\u00e1rio deteriorado do emprego no pa\u00eds fez com que subisse o n\u00famero de domic\u00edlios que n\u00e3o t\u00eam nenhuma renda proveniente do trabalho. O percentual de fam\u00edlias nessa situa\u00e7\u00e3o chega a 22,7%, o que se reflete em mais press\u00e3o sobre a taxa de desemprego, uma vez que outros membros das fam\u00edlias passam a buscar o mercado de trabalho para refor\u00e7ar a renda familiar.<\/p>\n<p>A avalia\u00e7\u00e3o do Ipea \u00e9 de que a recupera\u00e7\u00e3o do mercado de trabalho vem ocorrendo de forma gradual e s\u00f3 poder\u00e1 atingir patamares mais expressivos no ano que vem, o que est\u00e1 condicionado \u00e0 velocidade de tramita\u00e7\u00e3o e \u00e0 aprova\u00e7\u00e3o da Reforma da Previd\u00eancia no Congresso Nacional. Maria Andreia prev\u00ea que uma tramita\u00e7\u00e3o mais r\u00e1pida pode elevar a confian\u00e7a do mercado e produzir efeitos para o in\u00edcio de 2020, e uma aprova\u00e7\u00e3o mais demorada pode adiar a recupera\u00e7\u00e3o para o segundo semestre do ano que vem.<\/p>\n<p>&#8220;Neste momento tudo est\u00e1 condicionado \u00e0 aprova\u00e7\u00e3o da reforma e a que reforma ser\u00e1 aprovada. O timing da reforma \u00e9 fundamental.&#8221;<\/p>\n<p>Fonte: Ag\u00eancia Brasil<\/p>\n","protected":false},"excerpt":{"rendered":"<p>O n\u00famero de brasileiros que procuram trabalho h\u00e1 pelo menos dois anos chegou a 3,3 milh\u00f5es no primeiro trimestre de 2019, destacou hoje o Instituto de Pesquisa Econ\u00f4mica e Aplicada (Ipea). O n\u00famero de desempregados de longo prazo \u00e9 42,4% superior ao do mesmo per\u00edodo de 2015, primeiro ano da recente recess\u00e3o da economia brasileira. [&hellip;]<\/p>\n","protected":false},"author":96,"featured_media":105072,"comment_status":"closed","ping_status":"closed","sticky":false,"template":"","format":"standard","meta":{"footnotes":""},"categories":[436,261,439],"tags":[],"class_list":["post-142265","post","type-post","status-publish","format-standard","has-post-thumbnail","hentry","category-destaque-da-semana","category-economia","category-ultima-hora"],"_links":{"self":[{"href":"https:\/\/diarioregionaldigital.com.br\/index.php?rest_route=\/wp\/v2\/posts\/142265","targetHints":{"allow":["GET"]}}],"collection":[{"href":"https:\/\/diarioregionaldigital.com.br\/index.php?rest_route=\/wp\/v2\/posts"}],"about":[{"href":"https:\/\/diarioregionaldigital.com.br\/index.php?rest_route=\/wp\/v2\/types\/post"}],"author":[{"embeddable":true,"href":"https:\/\/diarioregionaldigital.com.br\/index.php?rest_route=\/wp\/v2\/users\/96"}],"replies":[{"embeddable":true,"href":"https:\/\/diarioregionaldigital.com.br\/index.php?rest_route=%2Fwp%2Fv2%2Fcomments&post=142265"}],"version-history":[{"count":0,"href":"https:\/\/diarioregionaldigital.com.br\/index.php?rest_route=\/wp\/v2\/posts\/142265\/revisions"}],"wp:featuredmedia":[{"embeddable":true,"href":"https:\/\/diarioregionaldigital.com.br\/index.php?rest_route=\/wp\/v2\/media\/105072"}],"wp:attachment":[{"href":"https:\/\/diarioregionaldigital.com.br\/index.php?rest_route=%2Fwp%2Fv2%2Fmedia&parent=142265"}],"wp:term":[{"taxonomy":"category","embeddable":true,"href":"https:\/\/diarioregionaldigital.com.br\/index.php?rest_route=%2Fwp%2Fv2%2Fcategories&post=142265"},{"taxonomy":"post_tag","embeddable":true,"href":"https:\/\/diarioregionaldigital.com.br\/index.php?rest_route=%2Fwp%2Fv2%2Ftags&post=142265"}],"curies":[{"name":"wp","href":"https:\/\/api.w.org\/{rel}","templated":true}]}}