{"id":142218,"date":"2019-06-18T14:20:44","date_gmt":"2019-06-18T17:20:44","guid":{"rendered":"https:\/\/diarioregionaldigital.com.br\/?p=142218"},"modified":"2019-06-18T18:22:15","modified_gmt":"2019-06-18T21:22:15","slug":"brasil-derrota-italia-na-liga-das-nacoes","status":"publish","type":"post","link":"https:\/\/diarioregionaldigital.com.br\/?p=142218","title":{"rendered":"Brasil derrota It\u00e1lia na Liga das Na\u00e7\u00f5es"},"content":{"rendered":"<p>O Brasil venceu a It\u00e1lia por 3 a 0, parciais de 25\/21, 25\/20 e 25\/23, pela d\u00e9cima terceira rodada da Liga das Na\u00e7\u00f5es de v\u00f4lei feminino, a primeira da quinta semana da fase de classifica\u00e7\u00e3o. Os dois times j\u00e1 garantiram vaga na fase decisiva, marcada para a China, em Nanjing. Ser\u00e1 de 3 a 7 de julho.<\/p>\n<p>O destaque do jogo pelo lado brasileiro foi Gabi, com 13 pontos. Natalia anotou 10 e Bia, mais nove. A maior pontuadora foi a italiana Pietrini, com 14. A It\u00e1lia entregou 24 pontos em erros.<\/p>\n<p>As equipes entraram em quadra, em Ancara, Turquia, j\u00e1 classificadas. A It\u00e1lia ainda antes da rodada come\u00e7ar e o Brasil com a vit\u00f3ria da Pol\u00f4nia sobre o Jap\u00e3o. Assim, o t\u00e9cnico europeu escalou um time reserva e, em clima de amistoso, a sele\u00e7\u00e3o venceu a primeira parcial por 25 a 21 abrindo folga s\u00f3 nos \u00faltimos pontos.<\/p>\n<p>Al\u00e9m de Brasil e It\u00e1lia, a Turquia tamb\u00e9m j\u00e1 garantiu vaga na fase final, bem como a China, pr\u00e9-classificada por ser o pa\u00eds sede. At\u00e9 o in\u00edcio da partida entre Brasil e It\u00e1lia, Estados Unidos, Pol\u00f4nia, Jap\u00e3o, Rep\u00fablica Dominicana e B\u00e9lgica permaneciam na briga pelas duas outras vagas.<\/p>\n<p>O Brasil ainda joga duas na fase de classifica\u00e7\u00e3o da Liga das Na\u00e7\u00f5es de v\u00f4lei feminino, contra a B\u00e9lgica, \u00e0s 10h desta quarta (19), e a Turquia, \u00e0s 13h de quinta (20). Ambos os hor\u00e1rios s\u00e3o de Bras\u00edlia.<\/p>\n<p>Fonte:\u00a0<strong>OLIMP\u00cdADA TODO DIA<\/strong><\/p>\n","protected":false},"excerpt":{"rendered":"<p>O Brasil venceu a It\u00e1lia por 3 a 0, parciais de 25\/21, 25\/20 e 25\/23, pela d\u00e9cima terceira rodada da Liga das Na\u00e7\u00f5es de v\u00f4lei feminino, a primeira da quinta semana da fase de classifica\u00e7\u00e3o. Os dois times j\u00e1 garantiram vaga na fase decisiva, marcada para a China, em Nanjing. Ser\u00e1 de 3 a 7 [&hellip;]<\/p>\n","protected":false},"author":96,"featured_media":142215,"comment_status":"closed","ping_status":"closed","sticky":false,"template":"","format":"standard","meta":{"footnotes":""},"categories":[436,257,439],"tags":[],"class_list":["post-142218","post","type-post","status-publish","format-standard","has-post-thumbnail","hentry","category-destaque-da-semana","category-esporte","category-ultima-hora"],"_links":{"self":[{"href":"https:\/\/diarioregionaldigital.com.br\/index.php?rest_route=\/wp\/v2\/posts\/142218","targetHints":{"allow":["GET"]}}],"collection":[{"href":"https:\/\/diarioregionaldigital.com.br\/index.php?rest_route=\/wp\/v2\/posts"}],"about":[{"href":"https:\/\/diarioregionaldigital.com.br\/index.php?rest_route=\/wp\/v2\/types\/post"}],"author":[{"embeddable":true,"href":"https:\/\/diarioregionaldigital.com.br\/index.php?rest_route=\/wp\/v2\/users\/96"}],"replies":[{"embeddable":true,"href":"https:\/\/diarioregionaldigital.com.br\/index.php?rest_route=%2Fwp%2Fv2%2Fcomments&post=142218"}],"version-history":[{"count":0,"href":"https:\/\/diarioregionaldigital.com.br\/index.php?rest_route=\/wp\/v2\/posts\/142218\/revisions"}],"wp:featuredmedia":[{"embeddable":true,"href":"https:\/\/diarioregionaldigital.com.br\/index.php?rest_route=\/wp\/v2\/media\/142215"}],"wp:attachment":[{"href":"https:\/\/diarioregionaldigital.com.br\/index.php?rest_route=%2Fwp%2Fv2%2Fmedia&parent=142218"}],"wp:term":[{"taxonomy":"category","embeddable":true,"href":"https:\/\/diarioregionaldigital.com.br\/index.php?rest_route=%2Fwp%2Fv2%2Fcategories&post=142218"},{"taxonomy":"post_tag","embeddable":true,"href":"https:\/\/diarioregionaldigital.com.br\/index.php?rest_route=%2Fwp%2Fv2%2Ftags&post=142218"}],"curies":[{"name":"wp","href":"https:\/\/api.w.org\/{rel}","templated":true}]}}