{"id":142177,"date":"2019-06-18T14:46:56","date_gmt":"2019-06-18T17:46:56","guid":{"rendered":"https:\/\/diarioregionaldigital.com.br\/?p=142177"},"modified":"2019-06-18T14:46:56","modified_gmt":"2019-06-18T17:46:56","slug":"sancionada-liberacao-de-credito-para-pagar-aposentadorias-e-bolsa-familia","status":"publish","type":"post","link":"https:\/\/diarioregionaldigital.com.br\/?p=142177","title":{"rendered":"Sancionada libera\u00e7\u00e3o de cr\u00e9dito para pagar aposentadorias e Bolsa Fam\u00edlia"},"content":{"rendered":"<p>O\u00a0<i>Di\u00e1rio Oficial da Uni\u00e3o (DOU)<\/i>\u00a0desta ter\u00e7a-feira, 18, traz a publica\u00e7\u00e3o da opera\u00e7\u00e3o de cr\u00e9dito no valor total de R$ 248,9 bilh\u00f5es (<a href=\"http:\/\/www.congressonacional.leg.br\/materias\/pesquisa\/-\/materia\/135731\">PLN 4\/2019<\/a>), que servir\u00e1 para o governo pagar benef\u00edcios previdenci\u00e1rios, Bolsa Fam\u00edlia e Plano Safra, entre outros. O texto foi aprovado com unanimidade pelo Senado e pela C\u00e2mara dos Deputados no dia 11 de junho.<\/p>\n<p>O PLN 4\/2019 \u00e9 considerado importante pelo governo, que alegava que j\u00e1 neste m\u00eas poderia faltar dinheiro para cobrir as despesas obrigat\u00f3rias. A maior parte do valor (R$ 201,7 bilh\u00f5es) corresponde a benef\u00edcios previdenci\u00e1rios, como pens\u00f5es e aposentadorias.<\/p>\n<p>A Constitui\u00e7\u00e3o de 1988 pro\u00edbe a realiza\u00e7\u00e3o de opera\u00e7\u00f5es de cr\u00e9dito (emiss\u00e3o de t\u00edtulos p\u00fablicos) para pagamento de despesas correntes, como sal\u00e1rios e benef\u00edcios sociais. A chamada regra de ouro s\u00f3 pode ser contornada por meio de cr\u00e9ditos suplementares ou especiais, com finalidade espec\u00edfica e aprovados pelo Congresso por maioria absoluta (pelo menos 257 deputados e 41 senadores). Sem essa autoriza\u00e7\u00e3o, o presidente da Rep\u00fablica pode cometer crime de responsabilidade.<\/p>\n<p>&nbsp;<\/p>\n<p>Fonte: Ag\u00eancia Senado<\/p>\n","protected":false},"excerpt":{"rendered":"<p>O\u00a0Di\u00e1rio Oficial da Uni\u00e3o (DOU)\u00a0desta ter\u00e7a-feira, 18, traz a publica\u00e7\u00e3o da opera\u00e7\u00e3o de cr\u00e9dito no valor total de R$ 248,9 bilh\u00f5es (PLN 4\/2019), que servir\u00e1 para o governo pagar benef\u00edcios previdenci\u00e1rios, Bolsa Fam\u00edlia e Plano Safra, entre outros. O texto foi aprovado com unanimidade pelo Senado e pela C\u00e2mara dos Deputados no dia 11 de [&hellip;]<\/p>\n","protected":false},"author":96,"featured_media":142178,"comment_status":"closed","ping_status":"closed","sticky":false,"template":"","format":"standard","meta":{"footnotes":""},"categories":[436,254,439],"tags":[],"class_list":["post-142177","post","type-post","status-publish","format-standard","has-post-thumbnail","hentry","category-destaque-da-semana","category-politica","category-ultima-hora"],"_links":{"self":[{"href":"https:\/\/diarioregionaldigital.com.br\/index.php?rest_route=\/wp\/v2\/posts\/142177","targetHints":{"allow":["GET"]}}],"collection":[{"href":"https:\/\/diarioregionaldigital.com.br\/index.php?rest_route=\/wp\/v2\/posts"}],"about":[{"href":"https:\/\/diarioregionaldigital.com.br\/index.php?rest_route=\/wp\/v2\/types\/post"}],"author":[{"embeddable":true,"href":"https:\/\/diarioregionaldigital.com.br\/index.php?rest_route=\/wp\/v2\/users\/96"}],"replies":[{"embeddable":true,"href":"https:\/\/diarioregionaldigital.com.br\/index.php?rest_route=%2Fwp%2Fv2%2Fcomments&post=142177"}],"version-history":[{"count":0,"href":"https:\/\/diarioregionaldigital.com.br\/index.php?rest_route=\/wp\/v2\/posts\/142177\/revisions"}],"wp:featuredmedia":[{"embeddable":true,"href":"https:\/\/diarioregionaldigital.com.br\/index.php?rest_route=\/wp\/v2\/media\/142178"}],"wp:attachment":[{"href":"https:\/\/diarioregionaldigital.com.br\/index.php?rest_route=%2Fwp%2Fv2%2Fmedia&parent=142177"}],"wp:term":[{"taxonomy":"category","embeddable":true,"href":"https:\/\/diarioregionaldigital.com.br\/index.php?rest_route=%2Fwp%2Fv2%2Fcategories&post=142177"},{"taxonomy":"post_tag","embeddable":true,"href":"https:\/\/diarioregionaldigital.com.br\/index.php?rest_route=%2Fwp%2Fv2%2Ftags&post=142177"}],"curies":[{"name":"wp","href":"https:\/\/api.w.org\/{rel}","templated":true}]}}