{"id":142174,"date":"2019-06-18T13:45:27","date_gmt":"2019-06-18T16:45:27","guid":{"rendered":"https:\/\/diarioregionaldigital.com.br\/?p=142174"},"modified":"2019-06-18T13:45:27","modified_gmt":"2019-06-18T16:45:27","slug":"bolsonaro-diz-que-gratuidade-de-bagagem-prejudicaria-pequenas-aereas","status":"publish","type":"post","link":"https:\/\/diarioregionaldigital.com.br\/?p=142174","title":{"rendered":"Bolsonaro diz que gratuidade de bagagem prejudicaria pequenas a\u00e9reas"},"content":{"rendered":"<p>O presidente Jair Bolsonaro disse hoje (18) que vetou o trecho de medida provis\u00f3ria que isentava a cobran\u00e7a de bagagem de at\u00e9 23 quilos nos voos dom\u00e9sticos, a partir de 31 assentos, porque a medida prejudicaria as empresas a\u00e9reas pequenas.\u00a0O veto foi anunciado ontem (17).<\/p>\n<p>\u201cAs empresas menores alegavam que seria um empecilho. Fiz uma conta pra um avi\u00e3o com 200 pessoas, 20 quilos a mais para cada um. \u00c9 um gasto a mais. Sempre viajei sem mala no avi\u00e3o, ent\u00e3o, eu estava pagando pelos outros\u201d, disse ap\u00f3s participar de cerim\u00f4nia de hasteamento da bandeira, no Pal\u00e1cio do Planalto. Com o veto, ficam isentas apenas as bagagens de m\u00e3o at\u00e9 10 quilos.<\/p>\n<p>A isen\u00e7\u00e3o da cobran\u00e7a havia sido inclu\u00edda por emenda parlamentar na\u00a0<a href=\"https:\/\/www.camara.leg.br\/proposicoesWeb\/prop_mostrarintegra;jsessionid=836155D13837F6FE23155E0C2F111017.proposicoesWebExterno2?codteor=1701576&amp;filename=MPV+863\/2018\" target=\"_blank\" rel=\"noopener\">Medida Provis\u00f3ria (MP) 863<\/a>\u00a0que foi apresentada no governo de Michel Temer e autoriza at\u00e9 100% de capital estrangeiro em companhias a\u00e9reas. A MP foi aprovada pelo Congresso Nacional em maio.<\/p>\n<p>Questionado se a cobran\u00e7a de bagagens vai estimular a vinda de empresa a\u00e9reas de baixo custo para o Brasil, as chamadas \u201clow cost\u201d, o presidente respondeu positivamente. \u201cPara as low cost vai valer, \u00e9 o que elas queriam para vir pra c\u00e1 ajudar na concorr\u00eancia, que fosse vetado esse dispositivo\u201d.<\/p>\n<h2>Previd\u00eancia<\/h2>\n<p>O presidente disse que a reforma da Previd\u00eancia \u201cprossegue\u201d caso a proposta do regime de capitaliza\u00e7\u00e3o fique de fora do texto final da reforma. \u201cGostar\u00edamos que tudo que propusemos fosse acolhido, mas sabemos que a C\u00e2mara tem a legitimidade para alterar. Se n\u00e3o for acolhido, o governo prossegue, sem problema nenhum\u201d, disse.<\/p>\n<p>Questionado se o governo pode buscar retomar a capitaliza\u00e7\u00e3o, Bolsonaro respondeu que a medida pode voltar por iniciativa de parlamentares. \u201c\u00c0s vezes nem o governo, as pr\u00f3prias bancadas, l\u00edder de partid\u00e1rio, pode propor uma emenda e destac\u00e1-la e entrar em vota\u00e7\u00e3o\u201d.<\/p>\n<p>A capitaliza\u00e7\u00e3o \u00e9 o sistema em que cada trabalhador contribui para a pr\u00f3pria aposentadoria e foi\u00a0retirada da proposta de reforma da Previd\u00eancia.<\/p>\n<h2>Armas<\/h2>\n<p>Quanto ao decreto das armas, Bolsonaro disse que o governo tem conversado com senadores para explicar a medida. Hoje (18), o plen\u00e1rio do Senado Federal deve analisar mat\u00e9ria que susta o\u00a0<a href=\"http:\/\/www.planalto.gov.br\/ccivil_03\/_ato2019-2022\/2019\/decreto\/D9785.htm\" target=\"_blank\" rel=\"noopener\">Decreto n\u00b0 9.785\/19<\/a>\u00a0do presidente Bolsonaro que trata da aquisi\u00e7\u00e3o, o cadastro, o registro, a posse, o porte e a comercializa\u00e7\u00e3o de armas de fogo e de muni\u00e7\u00e3o e dos sistemas Nacional de Armas e Nacional de Gerenciamento Militar de Armas.<\/p>\n<p>\u201cTemos conversado com senadores nesse sentido, conversando, explicando, sabemos que no Brasil hoje em dia quem est\u00e1 \u00e0 margem da lei est\u00e1 armado\u201d, disse. De acordo com o presidente, o decreto de armas atende a vontade expressa pela popula\u00e7\u00e3o no referendo de 2005. Na ocasi\u00e3o, os eleitores foram \u00e0s urnas e responderam a pergunta \u201co com\u00e9rcio de armas de fogo e muni\u00e7\u00e3o deve ser proibido no Brasil?\u201d. A maioria dos eleitores, 59 milh\u00f5es, escolheu o n\u00e3o.<\/p>\n<p>Bolsonaro disse que n\u00e3o pode &#8220;fazer nada&#8221; caso a suspens\u00e3o seja aprovada. &#8220;N\u00e3o posso fazer nada, n\u00e3o sou ditador, sou democrata&#8221;.<\/p>\n<h2>Correios e PGR<\/h2>\n<p>Ao ser questionado se ser\u00e1 escolhido um nome da lista tr\u00edplice apresentada pelos procuradores, para Procurador-Geral da Rep\u00fablica, o presidente disse que ainda n\u00e3o viu a lista e que qualquer nome pode ser indicado. \u201cTodos que est\u00e3o dentro, est\u00e3o fora, tudo \u00e9 poss\u00edvel. Vou seguir a Constitui\u00e7\u00e3o\u201d.<\/p>\n<p>Em rela\u00e7\u00e3o a escolha de um novo presidente para os Correios, Bolsonaro disse que h\u00e1 sugest\u00e3o de nomes. \u201cTem alguns nomes aparecendo, logicamente o presidente que vai assumir vai cumprir seu papel naturalmente e o governo deu sinal verde para buscar a privatiza\u00e7\u00e3o. Se bem que ela passa pelo Parlamento tamb\u00e9m\u201d, disse.<\/p>\n<p>Na semana passada, durante caf\u00e9 da manh\u00e3 com jornalistas,\u00a0o presidente anunciou que vai trocar o comando da empresa\u00a0devido ao fato do general Juarez Cunha agir como \u201csindicalista\u201d.<\/p>\n<p>Fonte: Ag\u00eancia Brasil<\/p>\n","protected":false},"excerpt":{"rendered":"<p>O presidente Jair Bolsonaro disse hoje (18) que vetou o trecho de medida provis\u00f3ria que isentava a cobran\u00e7a de bagagem de at\u00e9 23 quilos nos voos dom\u00e9sticos, a partir de 31 assentos, porque a medida prejudicaria as empresas a\u00e9reas pequenas.\u00a0O veto foi anunciado ontem (17). \u201cAs empresas menores alegavam que seria um empecilho. Fiz uma [&hellip;]<\/p>\n","protected":false},"author":96,"featured_media":142175,"comment_status":"closed","ping_status":"closed","sticky":false,"template":"","format":"standard","meta":{"footnotes":""},"categories":[436,254,439],"tags":[],"class_list":["post-142174","post","type-post","status-publish","format-standard","has-post-thumbnail","hentry","category-destaque-da-semana","category-politica","category-ultima-hora"],"_links":{"self":[{"href":"https:\/\/diarioregionaldigital.com.br\/index.php?rest_route=\/wp\/v2\/posts\/142174","targetHints":{"allow":["GET"]}}],"collection":[{"href":"https:\/\/diarioregionaldigital.com.br\/index.php?rest_route=\/wp\/v2\/posts"}],"about":[{"href":"https:\/\/diarioregionaldigital.com.br\/index.php?rest_route=\/wp\/v2\/types\/post"}],"author":[{"embeddable":true,"href":"https:\/\/diarioregionaldigital.com.br\/index.php?rest_route=\/wp\/v2\/users\/96"}],"replies":[{"embeddable":true,"href":"https:\/\/diarioregionaldigital.com.br\/index.php?rest_route=%2Fwp%2Fv2%2Fcomments&post=142174"}],"version-history":[{"count":0,"href":"https:\/\/diarioregionaldigital.com.br\/index.php?rest_route=\/wp\/v2\/posts\/142174\/revisions"}],"wp:featuredmedia":[{"embeddable":true,"href":"https:\/\/diarioregionaldigital.com.br\/index.php?rest_route=\/wp\/v2\/media\/142175"}],"wp:attachment":[{"href":"https:\/\/diarioregionaldigital.com.br\/index.php?rest_route=%2Fwp%2Fv2%2Fmedia&parent=142174"}],"wp:term":[{"taxonomy":"category","embeddable":true,"href":"https:\/\/diarioregionaldigital.com.br\/index.php?rest_route=%2Fwp%2Fv2%2Fcategories&post=142174"},{"taxonomy":"post_tag","embeddable":true,"href":"https:\/\/diarioregionaldigital.com.br\/index.php?rest_route=%2Fwp%2Fv2%2Ftags&post=142174"}],"curies":[{"name":"wp","href":"https:\/\/api.w.org\/{rel}","templated":true}]}}