{"id":142170,"date":"2019-06-18T13:37:07","date_gmt":"2019-06-18T16:37:07","guid":{"rendered":"https:\/\/diarioregionaldigital.com.br\/?p=142170"},"modified":"2019-06-18T13:37:07","modified_gmt":"2019-06-18T16:37:07","slug":"pib-recua-09-no-trimestre-encerrado-em-abril-diz-fgv","status":"publish","type":"post","link":"https:\/\/diarioregionaldigital.com.br\/?p=142170","title":{"rendered":"PIB recua 0,9% no trimestre encerrado em abril, diz FGV"},"content":{"rendered":"<p>O Produto Interno Bruto (PIB), a soma de todos os bens e servi\u00e7os produzidos no pa\u00eds, teve uma queda de 0,9% no trimestre encerrado em abril, na compara\u00e7\u00e3o com o trimestre fechado em janeiro.<\/p>\n<p>Os dados do Monitor do PIB, divulgados hoje (18), no Rio de Janeiro, pela Funda\u00e7\u00e3o Getulio Vargas (FGV), mostram ainda que a economia ficou est\u00e1vel na compara\u00e7\u00e3o com o trimestre encerrado em abril de 2018.<\/p>\n<p>Considerando-se apenas o m\u00eas de abril, o PIB caiu 0,1% na compara\u00e7\u00e3o com mar\u00e7o deste ano e 0,3% na compara\u00e7\u00e3o com abril do ano passado. No acumulado de 12 meses, o PIB cresceu 0,6%.<\/p>\n<p>A queda de 0,9% registrada no trimestre encerrado em abril, na compara\u00e7\u00e3o com trimestre finalizado em janeiro, foi provocada por recuos nos tr\u00eas grandes setores produtivos da economia.<\/p>\n<p>O principal deles, o setor de servi\u00e7os, caiu 0,2%, puxado pelos transportes (-1,7%). A ind\u00fastria teve recuo de 1,3%, influenciado pelo extrativismo mineral (-7,2%). J\u00e1 a agropecu\u00e1ria caiu 2%.<\/p>\n<p>Pelo lado da demanda, a queda foi puxada pela forma\u00e7\u00e3o bruta de capital fixo, isto \u00e9, os investimentos (-0,7%), e pelas exporta\u00e7\u00f5es (-6,4%).<\/p>\n<p>O consumo do governo caiu 0,1%, enquanto o consumo das fam\u00edlias manteve-se est\u00e1vel. As importa\u00e7\u00f5es recuaram 8,1%.<\/p>\n<p>Fonte: Ag\u00eancia Brasil<\/p>\n","protected":false},"excerpt":{"rendered":"<p>O Produto Interno Bruto (PIB), a soma de todos os bens e servi\u00e7os produzidos no pa\u00eds, teve uma queda de 0,9% no trimestre encerrado em abril, na compara\u00e7\u00e3o com o trimestre fechado em janeiro. Os dados do Monitor do PIB, divulgados hoje (18), no Rio de Janeiro, pela Funda\u00e7\u00e3o Getulio Vargas (FGV), mostram ainda que [&hellip;]<\/p>\n","protected":false},"author":96,"featured_media":142172,"comment_status":"closed","ping_status":"closed","sticky":false,"template":"","format":"standard","meta":{"footnotes":""},"categories":[436,261,439],"tags":[],"class_list":["post-142170","post","type-post","status-publish","format-standard","has-post-thumbnail","hentry","category-destaque-da-semana","category-economia","category-ultima-hora"],"_links":{"self":[{"href":"https:\/\/diarioregionaldigital.com.br\/index.php?rest_route=\/wp\/v2\/posts\/142170","targetHints":{"allow":["GET"]}}],"collection":[{"href":"https:\/\/diarioregionaldigital.com.br\/index.php?rest_route=\/wp\/v2\/posts"}],"about":[{"href":"https:\/\/diarioregionaldigital.com.br\/index.php?rest_route=\/wp\/v2\/types\/post"}],"author":[{"embeddable":true,"href":"https:\/\/diarioregionaldigital.com.br\/index.php?rest_route=\/wp\/v2\/users\/96"}],"replies":[{"embeddable":true,"href":"https:\/\/diarioregionaldigital.com.br\/index.php?rest_route=%2Fwp%2Fv2%2Fcomments&post=142170"}],"version-history":[{"count":0,"href":"https:\/\/diarioregionaldigital.com.br\/index.php?rest_route=\/wp\/v2\/posts\/142170\/revisions"}],"wp:featuredmedia":[{"embeddable":true,"href":"https:\/\/diarioregionaldigital.com.br\/index.php?rest_route=\/wp\/v2\/media\/142172"}],"wp:attachment":[{"href":"https:\/\/diarioregionaldigital.com.br\/index.php?rest_route=%2Fwp%2Fv2%2Fmedia&parent=142170"}],"wp:term":[{"taxonomy":"category","embeddable":true,"href":"https:\/\/diarioregionaldigital.com.br\/index.php?rest_route=%2Fwp%2Fv2%2Fcategories&post=142170"},{"taxonomy":"post_tag","embeddable":true,"href":"https:\/\/diarioregionaldigital.com.br\/index.php?rest_route=%2Fwp%2Fv2%2Ftags&post=142170"}],"curies":[{"name":"wp","href":"https:\/\/api.w.org\/{rel}","templated":true}]}}