{"id":142168,"date":"2019-06-18T13:36:00","date_gmt":"2019-06-18T16:36:00","guid":{"rendered":"https:\/\/diarioregionaldigital.com.br\/?p=142168"},"modified":"2019-06-18T13:48:08","modified_gmt":"2019-06-18T16:48:08","slug":"inflacao-do-aluguel-e-de-646-em-12-meses","status":"publish","type":"post","link":"https:\/\/diarioregionaldigital.com.br\/?p=142168","title":{"rendered":"Infla\u00e7\u00e3o do aluguel \u00e9 de 6,46% em 12 meses"},"content":{"rendered":"<p>O \u00cdndice Geral de Pre\u00e7os-Mercado (IGP-M), usado no reajuste dos contratos de aluguel, registrou 0,75% na segunda pr\u00e9via de junho. A taxa \u00e9 superior ao apurado na segunda pr\u00e9via de maio (0,58%), de acordo com dados divulgados hoje (18), no Rio de Janeiro, pela Funda\u00e7\u00e3o Getulio Vargas (FGV).<\/p>\n<p>Com a pr\u00e9via de junho, o IGP-M acumula infla\u00e7\u00e3o de 4,33% no ano e de 6,46% em 12 meses.<\/p>\n<p>A alta da taxa de maio para junho foi puxada pelos pre\u00e7os no atacado, j\u00e1 que o \u00cdndice de Pre\u00e7os ao Produtor Amplo, que mede esse segmento, registrou infla\u00e7\u00e3o de 1,15% na segunda pr\u00e9via de junho, acima do 0,72% de maio.<\/p>\n<p>O \u00cdndice de Pre\u00e7os ao Consumidor, que mede o varejo, teve defla\u00e7\u00e3o (queda de pre\u00e7os) de 0,05% em junho. Em maio, havia registrado alta de 0,4%. J\u00e1 o \u00cdndice Nacional de Custo da Constru\u00e7\u00e3o ficou est\u00e1vel em junho, depois de uma infla\u00e7\u00e3o de 0,06% em maio.<\/p>\n<p>Fonte: Ag\u00eancia Brasil<\/p>\n","protected":false},"excerpt":{"rendered":"<p>O \u00cdndice Geral de Pre\u00e7os-Mercado (IGP-M), usado no reajuste dos contratos de aluguel, registrou 0,75% na segunda pr\u00e9via de junho. A taxa \u00e9 superior ao apurado na segunda pr\u00e9via de maio (0,58%), de acordo com dados divulgados hoje (18), no Rio de Janeiro, pela Funda\u00e7\u00e3o Getulio Vargas (FGV). Com a pr\u00e9via de junho, o IGP-M [&hellip;]<\/p>\n","protected":false},"author":96,"featured_media":142169,"comment_status":"closed","ping_status":"closed","sticky":false,"template":"","format":"standard","meta":{"footnotes":""},"categories":[436,261,439],"tags":[],"class_list":["post-142168","post","type-post","status-publish","format-standard","has-post-thumbnail","hentry","category-destaque-da-semana","category-economia","category-ultima-hora"],"_links":{"self":[{"href":"https:\/\/diarioregionaldigital.com.br\/index.php?rest_route=\/wp\/v2\/posts\/142168","targetHints":{"allow":["GET"]}}],"collection":[{"href":"https:\/\/diarioregionaldigital.com.br\/index.php?rest_route=\/wp\/v2\/posts"}],"about":[{"href":"https:\/\/diarioregionaldigital.com.br\/index.php?rest_route=\/wp\/v2\/types\/post"}],"author":[{"embeddable":true,"href":"https:\/\/diarioregionaldigital.com.br\/index.php?rest_route=\/wp\/v2\/users\/96"}],"replies":[{"embeddable":true,"href":"https:\/\/diarioregionaldigital.com.br\/index.php?rest_route=%2Fwp%2Fv2%2Fcomments&post=142168"}],"version-history":[{"count":0,"href":"https:\/\/diarioregionaldigital.com.br\/index.php?rest_route=\/wp\/v2\/posts\/142168\/revisions"}],"wp:featuredmedia":[{"embeddable":true,"href":"https:\/\/diarioregionaldigital.com.br\/index.php?rest_route=\/wp\/v2\/media\/142169"}],"wp:attachment":[{"href":"https:\/\/diarioregionaldigital.com.br\/index.php?rest_route=%2Fwp%2Fv2%2Fmedia&parent=142168"}],"wp:term":[{"taxonomy":"category","embeddable":true,"href":"https:\/\/diarioregionaldigital.com.br\/index.php?rest_route=%2Fwp%2Fv2%2Fcategories&post=142168"},{"taxonomy":"post_tag","embeddable":true,"href":"https:\/\/diarioregionaldigital.com.br\/index.php?rest_route=%2Fwp%2Fv2%2Ftags&post=142168"}],"curies":[{"name":"wp","href":"https:\/\/api.w.org\/{rel}","templated":true}]}}