{"id":142165,"date":"2019-06-18T13:34:47","date_gmt":"2019-06-18T16:34:47","guid":{"rendered":"https:\/\/diarioregionaldigital.com.br\/?p=142165"},"modified":"2019-06-18T13:34:47","modified_gmt":"2019-06-18T16:34:47","slug":"comissao-especial-inicia-debate-da-reforma-da-previdencia","status":"publish","type":"post","link":"https:\/\/diarioregionaldigital.com.br\/?p=142165","title":{"rendered":"Comiss\u00e3o especial inicia debate da reforma da Previd\u00eancia"},"content":{"rendered":"<p>Come\u00e7ou com quase uma hora de atraso, \u00e0s 9h52, a primeira reuni\u00e3o da Comiss\u00e3o Especial da Reforma da Previd\u00eancia, na C\u00e2mara dos Deputados, para debater o parecer do deputado Samuel Moreira (PSDB-RJ), apresentado na \u00faltima quinta-feira (13).<\/p>\n<p>Com 155 deputados inscritos para a fase de discuss\u00e3o da mat\u00e9ria no colegiado, as candidaturas para manifesta\u00e7\u00f5es terminaram no momento em que o primeiro inscrito, deputado Jorge Sola (PT-BA), iniciou sua fala. Sola \u00e9 um dos 91 parlamentares que se inscreveram para discursar contra a mat\u00e9ria. Para defender o texto, est\u00e3o inscritos 64, fora os l\u00edderes. Enquanto houver parlamentares com posi\u00e7\u00f5es contr\u00e1rias, o debate ser\u00e1 alternado. Cada um ter\u00e1 o tempo de fala proporcional \u00e0 bancada.<\/p>\n<h2>Regras<\/h2>\n<p>Pelo acordo fechado entre o presidente da comiss\u00e3o, deputado Marcelo Ramos (PL-AM), e os l\u00edderes de partidos da oposi\u00e7\u00e3o, para que n\u00e3o haja obstru\u00e7\u00e3o na fase de discuss\u00e3o, todos os deputados, membros ou n\u00e3o do colegiado, poder\u00e3o se manifestar. Eles ter\u00e3o discurso garantido, desde que estejam presentes no momento em que forem chamados.<\/p>\n<div class=\"dnd-widget-wrapper context-cheio_8colunas type-image\">\n<div class=\"dnd-atom-rendered\">\n<figure class=\"mejs-fotoh-wrapper\"><img decoding=\"async\" class=\"img-responsive full full\" title=\"Marcelo Camargo\/Ag\u00eancia Brasil\" src=\"http:\/\/imagens.ebc.com.br\/oYaHzUjOQWeE2dTeL03hKq4MK_Y=\/754x0\/smart\/http:\/\/agenciabrasil.ebc.com.br\/sites\/default\/files\/thumbnails\/image\/mcmgo_abr_130620194714df.jpg?itok=nTbb9JVC\" alt=\"O relator da proposta de reforma da Previd\u00eancia (PEC 06\/19), deputado Samuel Moreira, e o presidente, Marcelo Ramos, durante sess\u00e3o para apresenta\u00e7\u00e3o do seu parecer sobre o projeto durante reuni\u00e3o da Comiss\u00e3o Especial que analisa o texto.\" \/><\/figure>\n<\/div>\n<div class=\"dnd-caption-wrapper\">\n<div class=\"meta\">O relator da proposta de reforma da Previd\u00eancia, Samuel Moreira, e o presidente da comiss\u00e3o especial, Marcelo Ramos &#8211;\u00a0<strong>Marcelo Camargo\/Ag\u00eancia Brasil<\/strong><\/div>\n<\/div>\n<\/div>\n<p>Ainda durante a fase de discuss\u00e3o, os membros da comiss\u00e3o t\u00eam at\u00e9 15 minutos para discursar sobre o tema. Os parlamentares que n\u00e3o s\u00e3o membros disp\u00f5em de 10 minutos. Com tantos inscritos, a expectativa \u00e9 que o debate dure pelo menos tr\u00eas dias. O presidente da comiss\u00e3o espera que os parlamentares governistas tenham \u201cbom senso\u201d e n\u00e3o utilizem o tempo total a que t\u00eam direito.<\/p>\n<p>\u201cA discuss\u00e3o \u00e9 um momento importante em que o relator vai ouvindo pondera\u00e7\u00f5es. Pode haver alguma imprecis\u00e3o do relat\u00f3rio, mas eu n\u00e3o quero opinar sobre o conte\u00fado, que \u00e9 de decis\u00e3o exclusiva do deputado Samuel Moreira\u201d, disse o presidente do colegiado, deputado Marcelo Ramos (PL-AM).<\/p>\n<p>Ainda na avalia\u00e7\u00e3o de Ramos, o desafio no momento tem que ser a busca de consenso em torno da proposta. Nesse sentido, ele destacou esperar que parlamentares governistas n\u00e3o fa\u00e7am obstru\u00e7\u00e3o, apresentando destaques de vota\u00e7\u00e3o em separado de pontos da proposta. \u201c\u00c9 hora de come\u00e7ar a construir a maioria necess\u00e1ria de 308 votos para a aprovar a mat\u00e9ria no plen\u00e1rio\u201d, disse.<\/p>\n<p>Inicialmente, o relator trabalhava com a vota\u00e7\u00e3o do relat\u00f3rio no colegiado at\u00e9 ter\u00e7a-feira (25). Diante do acordo, ele diz que h\u00e1 condi\u00e7\u00f5es para cumprir o calend\u00e1rio, mas admite que pode demorar mais. Moreira disse ainda que h\u00e1 possibilidade de apresentar um voto complementar, com altera\u00e7\u00f5es no relat\u00f3rio, conforme o avan\u00e7o das discuss\u00f5es. \u201cNenhum relat\u00f3rio \u00e9 decreto, est\u00e1 sujeito \u00e0 altera\u00e7\u00f5es\u201d, garantiu aos parlamentares, deixando os colegas \u00e0 vontade para fazer novas cr\u00edticas e sugest\u00f5es.<\/p>\n<p>Depois de votada na Comiss\u00e3o Especial, a mat\u00e9ria segue para discuss\u00e3o e vota\u00e7\u00e3o, em dois turnos, no plen\u00e1rio da Casa. L\u00e1, pelo menos, 308 votos em cada turno s\u00e3o necess\u00e1rios para levar o texto \u00e0 discuss\u00e3o no Senado.<\/p>\n<p>Fonte: Ag\u00eancia Brasil<\/p>\n","protected":false},"excerpt":{"rendered":"<p>Come\u00e7ou com quase uma hora de atraso, \u00e0s 9h52, a primeira reuni\u00e3o da Comiss\u00e3o Especial da Reforma da Previd\u00eancia, na C\u00e2mara dos Deputados, para debater o parecer do deputado Samuel Moreira (PSDB-RJ), apresentado na \u00faltima quinta-feira (13). Com 155 deputados inscritos para a fase de discuss\u00e3o da mat\u00e9ria no colegiado, as candidaturas para manifesta\u00e7\u00f5es terminaram [&hellip;]<\/p>\n","protected":false},"author":96,"featured_media":142166,"comment_status":"closed","ping_status":"closed","sticky":false,"template":"","format":"standard","meta":{"footnotes":""},"categories":[436,254,439],"tags":[],"class_list":["post-142165","post","type-post","status-publish","format-standard","has-post-thumbnail","hentry","category-destaque-da-semana","category-politica","category-ultima-hora"],"_links":{"self":[{"href":"https:\/\/diarioregionaldigital.com.br\/index.php?rest_route=\/wp\/v2\/posts\/142165","targetHints":{"allow":["GET"]}}],"collection":[{"href":"https:\/\/diarioregionaldigital.com.br\/index.php?rest_route=\/wp\/v2\/posts"}],"about":[{"href":"https:\/\/diarioregionaldigital.com.br\/index.php?rest_route=\/wp\/v2\/types\/post"}],"author":[{"embeddable":true,"href":"https:\/\/diarioregionaldigital.com.br\/index.php?rest_route=\/wp\/v2\/users\/96"}],"replies":[{"embeddable":true,"href":"https:\/\/diarioregionaldigital.com.br\/index.php?rest_route=%2Fwp%2Fv2%2Fcomments&post=142165"}],"version-history":[{"count":0,"href":"https:\/\/diarioregionaldigital.com.br\/index.php?rest_route=\/wp\/v2\/posts\/142165\/revisions"}],"wp:featuredmedia":[{"embeddable":true,"href":"https:\/\/diarioregionaldigital.com.br\/index.php?rest_route=\/wp\/v2\/media\/142166"}],"wp:attachment":[{"href":"https:\/\/diarioregionaldigital.com.br\/index.php?rest_route=%2Fwp%2Fv2%2Fmedia&parent=142165"}],"wp:term":[{"taxonomy":"category","embeddable":true,"href":"https:\/\/diarioregionaldigital.com.br\/index.php?rest_route=%2Fwp%2Fv2%2Fcategories&post=142165"},{"taxonomy":"post_tag","embeddable":true,"href":"https:\/\/diarioregionaldigital.com.br\/index.php?rest_route=%2Fwp%2Fv2%2Ftags&post=142165"}],"curies":[{"name":"wp","href":"https:\/\/api.w.org\/{rel}","templated":true}]}}