{"id":142143,"date":"2019-06-18T06:00:22","date_gmt":"2019-06-18T09:00:22","guid":{"rendered":"https:\/\/diarioregionaldigital.com.br\/?p=142143"},"modified":"2019-06-18T01:07:40","modified_gmt":"2019-06-18T04:07:40","slug":"prefeitura-municipal-de-santana-do-deserto-licitacao-no083-18-06-19","status":"publish","type":"post","link":"https:\/\/diarioregionaldigital.com.br\/?p=142143","title":{"rendered":"Prefeitura Municipal de Santana do Deserto &#8211; Licita\u00e7\u00e3o n\u00ba083 &#8211; 18\/06\/19"},"content":{"rendered":"<p style=\"text-align: center;\"><strong>Prefeitura Municipal de Santana do Deserto<\/strong><\/p>\n<p style=\"text-align: center;\">Licita\u00e7\u00e3o n\u00b0 083\/2019 &#8211; PP n\u00b0 14\/2019 PARA REGISTRO DE PRE\u00c7OS &#8211; O Munic\u00edpio de Santana do Deserto, na forma da lei, faz saber que \u00e0s 08h30min do dia 02 de julho de 2019, na Prefeitura, na sala de licita\u00e7\u00e3o, localizada \u00e0 P\u00e7a. Mauro Roquete Pinto, Santana do Deserto, ser\u00e1 realizada licita\u00e7\u00e3o para futura e eventual aquisi\u00e7\u00e3o de material gr\u00e1fico, banners e faixas para atender as demandas das Secretarias do Munic\u00edpio. Tipo Menor Pre\u00e7o Por Item conforme consta no edital que se encontra a disposi\u00e7\u00e3o de todos na Prefeitura, ou em:\u00a0<a href=\"mailto:licitacao@santanadodeserto.mg.gov.br\">licitacao@santanadodeserto.mg.gov.br<\/a><\/p>\n","protected":false},"excerpt":{"rendered":"<p>Prefeitura Municipal de Santana do Deserto Licita\u00e7\u00e3o n\u00b0 083\/2019 &#8211; PP n\u00b0 14\/2019 PARA REGISTRO DE PRE\u00c7OS &#8211; O Munic\u00edpio de Santana do Deserto, na forma da lei, faz saber que \u00e0s 08h30min do dia 02 de julho de 2019, na Prefeitura, na sala de licita\u00e7\u00e3o, localizada \u00e0 P\u00e7a. Mauro Roquete Pinto, Santana do Deserto, [&hellip;]<\/p>\n","protected":false},"author":96,"featured_media":0,"comment_status":"closed","ping_status":"closed","sticky":false,"template":"","format":"standard","meta":{"footnotes":""},"categories":[307],"tags":[],"class_list":["post-142143","post","type-post","status-publish","format-standard","hentry","category-editais"],"_links":{"self":[{"href":"https:\/\/diarioregionaldigital.com.br\/index.php?rest_route=\/wp\/v2\/posts\/142143","targetHints":{"allow":["GET"]}}],"collection":[{"href":"https:\/\/diarioregionaldigital.com.br\/index.php?rest_route=\/wp\/v2\/posts"}],"about":[{"href":"https:\/\/diarioregionaldigital.com.br\/index.php?rest_route=\/wp\/v2\/types\/post"}],"author":[{"embeddable":true,"href":"https:\/\/diarioregionaldigital.com.br\/index.php?rest_route=\/wp\/v2\/users\/96"}],"replies":[{"embeddable":true,"href":"https:\/\/diarioregionaldigital.com.br\/index.php?rest_route=%2Fwp%2Fv2%2Fcomments&post=142143"}],"version-history":[{"count":0,"href":"https:\/\/diarioregionaldigital.com.br\/index.php?rest_route=\/wp\/v2\/posts\/142143\/revisions"}],"wp:attachment":[{"href":"https:\/\/diarioregionaldigital.com.br\/index.php?rest_route=%2Fwp%2Fv2%2Fmedia&parent=142143"}],"wp:term":[{"taxonomy":"category","embeddable":true,"href":"https:\/\/diarioregionaldigital.com.br\/index.php?rest_route=%2Fwp%2Fv2%2Fcategories&post=142143"},{"taxonomy":"post_tag","embeddable":true,"href":"https:\/\/diarioregionaldigital.com.br\/index.php?rest_route=%2Fwp%2Fv2%2Ftags&post=142143"}],"curies":[{"name":"wp","href":"https:\/\/api.w.org\/{rel}","templated":true}]}}