{"id":142123,"date":"2019-06-18T06:00:01","date_gmt":"2019-06-18T09:00:01","guid":{"rendered":"https:\/\/diarioregionaldigital.com.br\/?p=142123"},"modified":"2019-06-17T18:34:10","modified_gmt":"2019-06-17T21:34:10","slug":"azul-e-rosa","status":"publish","type":"post","link":"https:\/\/diarioregionaldigital.com.br\/?p=142123","title":{"rendered":"Azul e Rosa"},"content":{"rendered":"<p style=\"text-align: center;\"><strong>Sucesso<\/strong><\/p>\n<p style=\"text-align: center;\">O projeto \u201cAbra\u00e7ando a Vida\u201d, idealizado por Paul Almeida, toda 2\u00aa feira, no Ritz Hotel, \u00e9 um sucesso s\u00f3. Com plateia lotada a delegada Ione Barbosa falou bonito sobre viol\u00eancia dom\u00e9stica. O Projeto Sol ainda teve fechamento com o Grupo Juiz de Fora em Serenata.<\/p>\n<p style=\"text-align: center;\"><strong>M\u00fasica Eletr\u00f4nica<\/strong><\/p>\n<p style=\"text-align: center;\">Compositores emocionados, DJs entristecidos e vocalistas saudosos. Este \u00e9 um dos resumos poss\u00edveis dos bastidores das grava\u00e7\u00f5es do \u00e1lbum p\u00f3stumo de Avicii \u201cTim\u201d lan\u00e7ado recentemente. Baseado em faixas deixadas quase prontas pelo DJ sueco que se suicidou h\u00e1 anos. O \u00e1lbum resume as ang\u00fastias de Avicii.<\/p>\n<p style=\"text-align: center;\"><strong>Arte e Beleza<\/strong><\/p>\n<p style=\"text-align: center;\">Com o tema \u201cAs diferentes facetas de Maria Am\u00e1lia Ferreira Lage\u201d, o Museu Mariano Proc\u00f3pio est\u00e1 em cartaz com um bela exposi\u00e7\u00e3o que mostra curiosidades da matriarca da fam\u00edlia Ferreira Lage, incluindo objetos que pertenceram a ela, reprodu\u00e7\u00f5es fotogr\u00e1ficas, documentos e reprodu\u00e7\u00e3o de um de seus vestidos.<\/p>\n<p style=\"text-align: center;\"><strong>Fog\u00e3o e Lenha<\/strong><\/p>\n<p style=\"text-align: center;\">Com a temperatura m\u00e9dia em alta, v\u00e1rios chefs de Juiz de Fora optam deixar os extremos de lado em saladas e destacam os caldos nem quentes nem frios, para adotar tudo morno. Os caldos da V\u00f3 Sinh\u00e1 t\u00eam seu referencial.<\/p>\n<p style=\"text-align: center;\"><strong>Azul e Rosa<\/strong><\/p>\n<p style=\"text-align: center;\">Em tempo de cultivar o rom\u00e2ntico, presentes inusitados est\u00e3o saindo do \u00f3bvio e ganhando fatores inesquec\u00edveis. Ao contr\u00e1rio do que j\u00e1 disse certa ministra, o azul para ela e o rosa para ele est\u00e3o quebrando padr\u00f5es ultrapassados. Tome nota!<\/p>\n<div id=\"attachment_142096\" style=\"width: 690px\" class=\"wp-caption aligncenter\"><img loading=\"lazy\" decoding=\"async\" aria-describedby=\"caption-attachment-142096\" class=\"wp-image-142096\" src=\"https:\/\/diarioregionaldigital.com.br\/wp-content\/uploads\/2019\/06\/fotoa-7-e1560802913661.jpg\" alt=\"\" width=\"680\" height=\"637\" srcset=\"https:\/\/diarioregionaldigital.com.br\/wp-content\/uploads\/2019\/06\/fotoa-7-e1560802913661.jpg 1173w, https:\/\/diarioregionaldigital.com.br\/wp-content\/uploads\/2019\/06\/fotoa-7-e1560802913661-300x281.jpg 300w, https:\/\/diarioregionaldigital.com.br\/wp-content\/uploads\/2019\/06\/fotoa-7-e1560802913661-768x719.jpg 768w, https:\/\/diarioregionaldigital.com.br\/wp-content\/uploads\/2019\/06\/fotoa-7-e1560802913661-1024x959.jpg 1024w, https:\/\/diarioregionaldigital.com.br\/wp-content\/uploads\/2019\/06\/fotoa-7-e1560802913661-360x337.jpg 360w\" sizes=\"auto, (max-width: 680px) 100vw, 680px\" \/><p id=\"caption-attachment-142096\" class=\"wp-caption-text\">O jornalista Talison Vardiero muito elegante visitando o novo reduto da on\u00e7a pintada<\/p><\/div>\n<div id=\"attachment_142097\" style=\"width: 690px\" class=\"wp-caption aligncenter\"><img loading=\"lazy\" decoding=\"async\" aria-describedby=\"caption-attachment-142097\" class=\"wp-image-142097\" src=\"https:\/\/diarioregionaldigital.com.br\/wp-content\/uploads\/2019\/06\/fotob-8-e1560802948889.jpg\" alt=\"\" width=\"680\" height=\"511\" srcset=\"https:\/\/diarioregionaldigital.com.br\/wp-content\/uploads\/2019\/06\/fotob-8-e1560802948889.jpg 1146w, https:\/\/diarioregionaldigital.com.br\/wp-content\/uploads\/2019\/06\/fotob-8-e1560802948889-300x225.jpg 300w, https:\/\/diarioregionaldigital.com.br\/wp-content\/uploads\/2019\/06\/fotob-8-e1560802948889-768x577.jpg 768w, https:\/\/diarioregionaldigital.com.br\/wp-content\/uploads\/2019\/06\/fotob-8-e1560802948889-1024x769.jpg 1024w, https:\/\/diarioregionaldigital.com.br\/wp-content\/uploads\/2019\/06\/fotob-8-e1560802948889-360x270.jpg 360w\" sizes=\"auto, (max-width: 680px) 100vw, 680px\" \/><p id=\"caption-attachment-142097\" class=\"wp-caption-text\">A musa desta coluna, Ra\u00edssa Ara\u00fajo no explode cora\u00e7\u00e3o no Terrazzo<\/p><\/div>\n<div id=\"attachment_142099\" style=\"width: 690px\" class=\"wp-caption aligncenter\"><img loading=\"lazy\" decoding=\"async\" aria-describedby=\"caption-attachment-142099\" class=\"wp-image-142099\" src=\"https:\/\/diarioregionaldigital.com.br\/wp-content\/uploads\/2019\/06\/fotoc-8.jpg\" alt=\"\" width=\"680\" height=\"451\" srcset=\"https:\/\/diarioregionaldigital.com.br\/wp-content\/uploads\/2019\/06\/fotoc-8.jpg 1764w, https:\/\/diarioregionaldigital.com.br\/wp-content\/uploads\/2019\/06\/fotoc-8-300x199.jpg 300w, https:\/\/diarioregionaldigital.com.br\/wp-content\/uploads\/2019\/06\/fotoc-8-768x509.jpg 768w, https:\/\/diarioregionaldigital.com.br\/wp-content\/uploads\/2019\/06\/fotoc-8-1024x679.jpg 1024w, https:\/\/diarioregionaldigital.com.br\/wp-content\/uploads\/2019\/06\/fotoc-8-360x239.jpg 360w\" sizes=\"auto, (max-width: 680px) 100vw, 680px\" \/><p id=\"caption-attachment-142099\" class=\"wp-caption-text\">No Serrano Hotel curtindo caf\u00e9 da manh\u00e3, Nini Felix e S\u00e9rgio Felix (Sinteac)<\/p><\/div>\n<div id=\"attachment_142100\" style=\"width: 690px\" class=\"wp-caption aligncenter\"><img loading=\"lazy\" decoding=\"async\" aria-describedby=\"caption-attachment-142100\" class=\"wp-image-142100\" src=\"https:\/\/diarioregionaldigital.com.br\/wp-content\/uploads\/2019\/06\/fotod-8-e1560803410621.jpg\" alt=\"\" width=\"680\" height=\"520\" srcset=\"https:\/\/diarioregionaldigital.com.br\/wp-content\/uploads\/2019\/06\/fotod-8-e1560803410621.jpg 1176w, https:\/\/diarioregionaldigital.com.br\/wp-content\/uploads\/2019\/06\/fotod-8-e1560803410621-300x229.jpg 300w, https:\/\/diarioregionaldigital.com.br\/wp-content\/uploads\/2019\/06\/fotod-8-e1560803410621-768x587.jpg 768w, https:\/\/diarioregionaldigital.com.br\/wp-content\/uploads\/2019\/06\/fotod-8-e1560803410621-1024x783.jpg 1024w, https:\/\/diarioregionaldigital.com.br\/wp-content\/uploads\/2019\/06\/fotod-8-e1560803410621-360x275.jpg 360w\" sizes=\"auto, (max-width: 680px) 100vw, 680px\" \/><p id=\"caption-attachment-142100\" class=\"wp-caption-text\">No Trade Hotel no evento \u00c9 Festa! Rafael Kilder e Let\u00edcia Duarte<\/p><\/div>\n<div id=\"attachment_142101\" style=\"width: 690px\" class=\"wp-caption aligncenter\"><img loading=\"lazy\" decoding=\"async\" aria-describedby=\"caption-attachment-142101\" class=\"wp-image-142101\" src=\"https:\/\/diarioregionaldigital.com.br\/wp-content\/uploads\/2019\/06\/fotoe-9-e1560803433719.jpg\" alt=\"\" width=\"680\" height=\"607\" srcset=\"https:\/\/diarioregionaldigital.com.br\/wp-content\/uploads\/2019\/06\/fotoe-9-e1560803433719.jpg 1176w, https:\/\/diarioregionaldigital.com.br\/wp-content\/uploads\/2019\/06\/fotoe-9-e1560803433719-300x268.jpg 300w, https:\/\/diarioregionaldigital.com.br\/wp-content\/uploads\/2019\/06\/fotoe-9-e1560803433719-768x685.jpg 768w, https:\/\/diarioregionaldigital.com.br\/wp-content\/uploads\/2019\/06\/fotoe-9-e1560803433719-1024x913.jpg 1024w, https:\/\/diarioregionaldigital.com.br\/wp-content\/uploads\/2019\/06\/fotoe-9-e1560803433719-360x321.jpg 360w\" sizes=\"auto, (max-width: 680px) 100vw, 680px\" \/><p id=\"caption-attachment-142101\" class=\"wp-caption-text\">Chiqu\u00e9rrimas no Marcellu\u2019s Aero, Ivete Gomes e Ieda Ciampi<\/p><\/div>\n<div id=\"attachment_142102\" style=\"width: 690px\" class=\"wp-caption aligncenter\"><img loading=\"lazy\" decoding=\"async\" aria-describedby=\"caption-attachment-142102\" class=\"wp-image-142102\" src=\"https:\/\/diarioregionaldigital.com.br\/wp-content\/uploads\/2019\/06\/fotof-8-e1560803457994.jpg\" alt=\"\" width=\"680\" height=\"551\" srcset=\"https:\/\/diarioregionaldigital.com.br\/wp-content\/uploads\/2019\/06\/fotof-8-e1560803457994.jpg 1176w, https:\/\/diarioregionaldigital.com.br\/wp-content\/uploads\/2019\/06\/fotof-8-e1560803457994-300x243.jpg 300w, https:\/\/diarioregionaldigital.com.br\/wp-content\/uploads\/2019\/06\/fotof-8-e1560803457994-768x622.jpg 768w, https:\/\/diarioregionaldigital.com.br\/wp-content\/uploads\/2019\/06\/fotof-8-e1560803457994-1024x830.jpg 1024w, https:\/\/diarioregionaldigital.com.br\/wp-content\/uploads\/2019\/06\/fotof-8-e1560803457994-360x292.jpg 360w\" sizes=\"auto, (max-width: 680px) 100vw, 680px\" \/><p id=\"caption-attachment-142102\" class=\"wp-caption-text\">Na C\u00e2mara Municipal o homenageado Maur\u00edcio Lima Corr\u00eaa e a vereadora Ana Rossignoli<\/p><\/div>\n<div id=\"attachment_142103\" style=\"width: 690px\" class=\"wp-caption aligncenter\"><img loading=\"lazy\" decoding=\"async\" aria-describedby=\"caption-attachment-142103\" class=\"wp-image-142103\" src=\"https:\/\/diarioregionaldigital.com.br\/wp-content\/uploads\/2019\/06\/fotog-9.jpg\" alt=\"\" width=\"680\" height=\"449\" srcset=\"https:\/\/diarioregionaldigital.com.br\/wp-content\/uploads\/2019\/06\/fotog-9.jpg 1770w, https:\/\/diarioregionaldigital.com.br\/wp-content\/uploads\/2019\/06\/fotog-9-300x198.jpg 300w, https:\/\/diarioregionaldigital.com.br\/wp-content\/uploads\/2019\/06\/fotog-9-768x508.jpg 768w, https:\/\/diarioregionaldigital.com.br\/wp-content\/uploads\/2019\/06\/fotog-9-1024x677.jpg 1024w, https:\/\/diarioregionaldigital.com.br\/wp-content\/uploads\/2019\/06\/fotog-9-1440x950.jpg 1440w, https:\/\/diarioregionaldigital.com.br\/wp-content\/uploads\/2019\/06\/fotog-9-360x238.jpg 360w\" sizes=\"auto, (max-width: 680px) 100vw, 680px\" \/><p id=\"caption-attachment-142103\" class=\"wp-caption-text\">Marcando presen\u00e7a no coquetel da Souza Gomes Im\u00f3veis: Jarbas Azevedo e N\u00e9sio Fernandes<\/p><\/div>\n<div id=\"attachment_142104\" style=\"width: 690px\" class=\"wp-caption aligncenter\"><img loading=\"lazy\" decoding=\"async\" aria-describedby=\"caption-attachment-142104\" class=\"wp-image-142104\" src=\"https:\/\/diarioregionaldigital.com.br\/wp-content\/uploads\/2019\/06\/fotoh-8.jpg\" alt=\"\" width=\"680\" height=\"449\" srcset=\"https:\/\/diarioregionaldigital.com.br\/wp-content\/uploads\/2019\/06\/fotoh-8.jpg 1770w, https:\/\/diarioregionaldigital.com.br\/wp-content\/uploads\/2019\/06\/fotoh-8-300x198.jpg 300w, https:\/\/diarioregionaldigital.com.br\/wp-content\/uploads\/2019\/06\/fotoh-8-768x508.jpg 768w, https:\/\/diarioregionaldigital.com.br\/wp-content\/uploads\/2019\/06\/fotoh-8-1024x677.jpg 1024w, https:\/\/diarioregionaldigital.com.br\/wp-content\/uploads\/2019\/06\/fotoh-8-1440x950.jpg 1440w, https:\/\/diarioregionaldigital.com.br\/wp-content\/uploads\/2019\/06\/fotoh-8-360x238.jpg 360w\" sizes=\"auto, (max-width: 680px) 100vw, 680px\" \/><p id=\"caption-attachment-142104\" class=\"wp-caption-text\">Salve o f\u00e3-clube desta coluna com, Liliane Gonzaga, M\u00e1rcio Almeida, V\u00e2nia Borato, Sandra Portella e Helenise Machado<\/p><\/div>\n<div id=\"attachment_142105\" style=\"width: 690px\" class=\"wp-caption aligncenter\"><img loading=\"lazy\" decoding=\"async\" aria-describedby=\"caption-attachment-142105\" class=\"wp-image-142105\" src=\"https:\/\/diarioregionaldigital.com.br\/wp-content\/uploads\/2019\/06\/fotoi-9.jpg\" alt=\"\" width=\"680\" height=\"455\" srcset=\"https:\/\/diarioregionaldigital.com.br\/wp-content\/uploads\/2019\/06\/fotoi-9.jpg 1758w, https:\/\/diarioregionaldigital.com.br\/wp-content\/uploads\/2019\/06\/fotoi-9-300x201.jpg 300w, https:\/\/diarioregionaldigital.com.br\/wp-content\/uploads\/2019\/06\/fotoi-9-768x514.jpg 768w, https:\/\/diarioregionaldigital.com.br\/wp-content\/uploads\/2019\/06\/fotoi-9-1024x685.jpg 1024w, https:\/\/diarioregionaldigital.com.br\/wp-content\/uploads\/2019\/06\/fotoi-9-360x241.jpg 360w\" sizes=\"auto, (max-width: 680px) 100vw, 680px\" \/><p id=\"caption-attachment-142105\" class=\"wp-caption-text\">Encontro de amigos no Bonfim, F\u00e1bio Apol\u00f4nio dos Reis, Maria Helena Reis, Eduardo Gomes e Andresa Dias<\/p><\/div>\n<div id=\"attachment_142106\" style=\"width: 690px\" class=\"wp-caption aligncenter\"><img loading=\"lazy\" decoding=\"async\" aria-describedby=\"caption-attachment-142106\" class=\"wp-image-142106\" src=\"https:\/\/diarioregionaldigital.com.br\/wp-content\/uploads\/2019\/06\/fotoj-7.jpg\" alt=\"\" width=\"680\" height=\"449\" srcset=\"https:\/\/diarioregionaldigital.com.br\/wp-content\/uploads\/2019\/06\/fotoj-7.jpg 1770w, https:\/\/diarioregionaldigital.com.br\/wp-content\/uploads\/2019\/06\/fotoj-7-300x198.jpg 300w, https:\/\/diarioregionaldigital.com.br\/wp-content\/uploads\/2019\/06\/fotoj-7-768x508.jpg 768w, https:\/\/diarioregionaldigital.com.br\/wp-content\/uploads\/2019\/06\/fotoj-7-1024x677.jpg 1024w, https:\/\/diarioregionaldigital.com.br\/wp-content\/uploads\/2019\/06\/fotoj-7-1440x950.jpg 1440w, https:\/\/diarioregionaldigital.com.br\/wp-content\/uploads\/2019\/06\/fotoj-7-360x238.jpg 360w\" sizes=\"auto, (max-width: 680px) 100vw, 680px\" \/><p id=\"caption-attachment-142106\" class=\"wp-caption-text\">Gente linda no Serra Rock em Ibitipoca, C\u00e9lia e Wallace com William Torga e Ma\u00edra Delgado<\/p><\/div>\n<div id=\"attachment_142107\" style=\"width: 690px\" class=\"wp-caption aligncenter\"><img loading=\"lazy\" decoding=\"async\" aria-describedby=\"caption-attachment-142107\" class=\"wp-image-142107\" src=\"https:\/\/diarioregionaldigital.com.br\/wp-content\/uploads\/2019\/06\/fotol-5.jpg\" alt=\"\" width=\"680\" height=\"451\" srcset=\"https:\/\/diarioregionaldigital.com.br\/wp-content\/uploads\/2019\/06\/fotol-5.jpg 1764w, https:\/\/diarioregionaldigital.com.br\/wp-content\/uploads\/2019\/06\/fotol-5-300x199.jpg 300w, https:\/\/diarioregionaldigital.com.br\/wp-content\/uploads\/2019\/06\/fotol-5-768x509.jpg 768w, https:\/\/diarioregionaldigital.com.br\/wp-content\/uploads\/2019\/06\/fotol-5-1024x679.jpg 1024w, https:\/\/diarioregionaldigital.com.br\/wp-content\/uploads\/2019\/06\/fotol-5-360x239.jpg 360w\" sizes=\"auto, (max-width: 680px) 100vw, 680px\" \/><p id=\"caption-attachment-142107\" class=\"wp-caption-text\">Encontro familiar em BH com os queridos Oswaldo Braga e Biel Braga no Fil\u00e9 Espeto e Cia<\/p><\/div>\n<p style=\"text-align: center;\"><strong>FOTOSS\u00cdNTESE<\/strong><\/p>\n<p>Para comemorar seus 80 anos, o m\u00fasico Jo\u00e3ozinho da Percuss\u00e3o faz apresenta\u00e7\u00e3o dentro do projeto Luz da Terra, dia 24 de junho, no Cine-Theatro Central<\/p>\n<p>O Centro de Beleza e Est\u00e9tica Fabiana Caniato vai comemorar seu 6\u00ba Anivers\u00e1rio com super festa no dia 6 de junho, \u00e0s 17h30, no Sindicato dos Banc\u00e1rios, na rua Batista de Oliveira, n\u00ba 745, com caldos e bebidas liberadas. Pre\u00e7o: R$70. Informa\u00e7\u00f5es: 3214-7924.<\/p>\n<p>Aplicada nos exerc\u00edcios na ponta dos p\u00e9s, Gabriella Arcuri, aluna da Corpus, foi selecionada para a etapa nacional do Grand Prix de Lausanne, na Su\u00ed\u00e7a.<br \/>\nDona cegonha aprontou de novo. Colocou na chamin\u00e9 de Ana Manuella Oliveira e Patrick Salgado, o robusto beb\u00ea Bernardo.<\/p>\n<p>Com muitos aplausos o ator juiz-forano Hugo Goretti estreiou a pe\u00e7a-musical \u201cSociedade Ambulante\u201d, no Teatro Vannucci, no Shopping da G\u00e1vea, no Rio de Janeiro.<\/p>\n<p>O calend\u00e1rio aponta o dia 19 para o Seu Mercado Gastrocultural Juiz de Fora, \u00e0s 18h, no Terrazzo.<\/p>\n<p>O palco do Cine-Theatro Central estar\u00e1 todo iluminado para o super show dos Tit\u00e3s, no dia 19, \u00e0s 21h30.<\/p>\n<p>Para a v\u00e9spera de feriado, 19, o Privil\u00e9ge recebe a banda Mistura Fina. \u00c0s 23h.<\/p>\n<p>Templo de festa e recep\u00e7\u00e3o o Casar\u00e3o abre suas portas, \u00e0s 22h, do dia 19, para Arrai\u00e1 pra Ser Feliz.<\/p>\n<p>Customizando: Hora boa para alimentar o esp\u00edrito; \u00f3timo momento para aqueles que gostam de recorrer \u00e0 religi\u00e3o como conforto ou para encontrar respostas e for\u00e7as para seguir em frente. O resultado do que fazemos aqui nos espera mais adiante. Bom dia.<\/p>\n<p><img loading=\"lazy\" decoding=\"async\" class=\"aligncenter size-full wp-image-142124\" src=\"https:\/\/diarioregionaldigital.com.br\/wp-content\/uploads\/2019\/06\/anuncio6-1.jpg\" alt=\"\" width=\"3484\" height=\"1294\" srcset=\"https:\/\/diarioregionaldigital.com.br\/wp-content\/uploads\/2019\/06\/anuncio6-1.jpg 3484w, https:\/\/diarioregionaldigital.com.br\/wp-content\/uploads\/2019\/06\/anuncio6-1-300x111.jpg 300w, https:\/\/diarioregionaldigital.com.br\/wp-content\/uploads\/2019\/06\/anuncio6-1-768x285.jpg 768w, https:\/\/diarioregionaldigital.com.br\/wp-content\/uploads\/2019\/06\/anuncio6-1-1024x380.jpg 1024w, https:\/\/diarioregionaldigital.com.br\/wp-content\/uploads\/2019\/06\/anuncio6-1-360x134.jpg 360w\" sizes=\"auto, (max-width: 3484px) 100vw, 3484px\" \/><\/p>\n","protected":false},"excerpt":{"rendered":"<p>Sucesso O projeto \u201cAbra\u00e7ando a Vida\u201d, idealizado por Paul Almeida, toda 2\u00aa feira, no Ritz Hotel, \u00e9 um sucesso s\u00f3. Com plateia lotada a delegada Ione Barbosa falou bonito sobre viol\u00eancia dom\u00e9stica. O Projeto Sol ainda teve fechamento com o Grupo Juiz de Fora em Serenata. M\u00fasica Eletr\u00f4nica Compositores emocionados, DJs entristecidos e vocalistas saudosos. [&hellip;]<\/p>\n","protected":false},"author":96,"featured_media":142096,"comment_status":"closed","ping_status":"closed","sticky":false,"template":"","format":"standard","meta":{"footnotes":""},"categories":[264],"tags":[],"class_list":["post-142123","post","type-post","status-publish","format-standard","has-post-thumbnail","hentry","category-eduardo-gomes"],"_links":{"self":[{"href":"https:\/\/diarioregionaldigital.com.br\/index.php?rest_route=\/wp\/v2\/posts\/142123","targetHints":{"allow":["GET"]}}],"collection":[{"href":"https:\/\/diarioregionaldigital.com.br\/index.php?rest_route=\/wp\/v2\/posts"}],"about":[{"href":"https:\/\/diarioregionaldigital.com.br\/index.php?rest_route=\/wp\/v2\/types\/post"}],"author":[{"embeddable":true,"href":"https:\/\/diarioregionaldigital.com.br\/index.php?rest_route=\/wp\/v2\/users\/96"}],"replies":[{"embeddable":true,"href":"https:\/\/diarioregionaldigital.com.br\/index.php?rest_route=%2Fwp%2Fv2%2Fcomments&post=142123"}],"version-history":[{"count":0,"href":"https:\/\/diarioregionaldigital.com.br\/index.php?rest_route=\/wp\/v2\/posts\/142123\/revisions"}],"wp:featuredmedia":[{"embeddable":true,"href":"https:\/\/diarioregionaldigital.com.br\/index.php?rest_route=\/wp\/v2\/media\/142096"}],"wp:attachment":[{"href":"https:\/\/diarioregionaldigital.com.br\/index.php?rest_route=%2Fwp%2Fv2%2Fmedia&parent=142123"}],"wp:term":[{"taxonomy":"category","embeddable":true,"href":"https:\/\/diarioregionaldigital.com.br\/index.php?rest_route=%2Fwp%2Fv2%2Fcategories&post=142123"},{"taxonomy":"post_tag","embeddable":true,"href":"https:\/\/diarioregionaldigital.com.br\/index.php?rest_route=%2Fwp%2Fv2%2Ftags&post=142123"}],"curies":[{"name":"wp","href":"https:\/\/api.w.org\/{rel}","templated":true}]}}