{"id":142120,"date":"2019-06-17T17:59:16","date_gmt":"2019-06-17T20:59:16","guid":{"rendered":"https:\/\/diarioregionaldigital.com.br\/?p=142120"},"modified":"2019-06-17T17:59:16","modified_gmt":"2019-06-17T20:59:16","slug":"hackers-devem-ser-presos-diz-ministro-do-stf-sobre-invasao-de-celular","status":"publish","type":"post","link":"https:\/\/diarioregionaldigital.com.br\/?p=142120","title":{"rendered":"Hackers devem ser presos, diz ministro do STF sobre invas\u00e3o de celular"},"content":{"rendered":"<p>O ministro do Supremo Tribunal Federal (STF) Alexandre de Moraes disse hoje (17) que ainda n\u00e3o \u00e9 poss\u00edvel avaliar mensagens vazadas com di\u00e1logos supostamente mantidos entre membros da for\u00e7a-tarefa da opera\u00e7\u00e3o Lava Jato. \u201cPara isso, n\u00f3s dependemos, primeiro, que todo o material seja divulgado. Segundo, que sejam atestadas a autenticidade e a veracidade desse material. Quando se coloca a conta-gotas n\u00e3o \u00e9 poss\u00edvel ter uma vis\u00e3o de conjunto, nem da veracidade, nem da autenticidade\u201d, disse ap\u00f3s participar de um evento promovido pelo Grupo Bandeirantes.<\/p>\n<p>Desde a semana passada, o\u00a0<em>site<\/em>\u00a0The Intercept tem divulgado trechos de mensagens atribu\u00eddas a Moro e a procuradores da Lava Jato. De acordo com o\u00a0<em>site<\/em>, os di\u00e1logos apontam para uma \u201ccolabora\u00e7\u00e3o proibida\u201d entre o ent\u00e3o juiz federal respons\u00e1vel por julgar processos decorrentes da opera\u00e7\u00e3o em Curitiba e os procuradores, a quem cabe acusar os suspeitos de integrar o esquema de corrup\u00e7\u00e3o.<\/p>\n<p>Para Moraes, as informa\u00e7\u00f5es foram obtidas de forma criminosa, apesar de destacar que o material tem interesse \u201cjornal\u00edstico\u201d e \u201cp\u00fablico\u201d. \u201cAs invas\u00f5es que ocorreram nos telefones de agentes p\u00fablicos s\u00e3o criminosas. Falo com absoluta tranquilidade que vazamentos,\u00a0<em>fake news<\/em>, falsidade em not\u00edcias divulgadas \u00e9 quest\u00e3o de pol\u00edcia. Esses\u00a0<em>hackers<\/em>\u00a0que, eventualmente, invadiram devem ser alcan\u00e7ados, punidos e presos\u201d, acrescentou o ministro ao falar sobre os vazamentos.<\/p>\n<p>O ministro tamb\u00e9m defendeu a import\u00e2ncia da Opera\u00e7\u00e3o Lava Jato para o combate \u00e0 corrup\u00e7\u00e3o: &#8220;\u00c9 uma opera\u00e7\u00e3o s\u00e9ria, conduzida dentro do devido processo legal. \u00c9 uma realidade que realmente mudou o combate \u00e0 corrup\u00e7\u00e3o no Brasil\u201d.<\/p>\n<p>Fonte: Ag\u00eancia Brasil<\/p>\n","protected":false},"excerpt":{"rendered":"<p>O ministro do Supremo Tribunal Federal (STF) Alexandre de Moraes disse hoje (17) que ainda n\u00e3o \u00e9 poss\u00edvel avaliar mensagens vazadas com di\u00e1logos supostamente mantidos entre membros da for\u00e7a-tarefa da opera\u00e7\u00e3o Lava Jato. \u201cPara isso, n\u00f3s dependemos, primeiro, que todo o material seja divulgado. Segundo, que sejam atestadas a autenticidade e a veracidade desse material. [&hellip;]<\/p>\n","protected":false},"author":96,"featured_media":142121,"comment_status":"closed","ping_status":"closed","sticky":false,"template":"","format":"standard","meta":{"footnotes":""},"categories":[436,254,439],"tags":[],"class_list":["post-142120","post","type-post","status-publish","format-standard","has-post-thumbnail","hentry","category-destaque-da-semana","category-politica","category-ultima-hora"],"_links":{"self":[{"href":"https:\/\/diarioregionaldigital.com.br\/index.php?rest_route=\/wp\/v2\/posts\/142120","targetHints":{"allow":["GET"]}}],"collection":[{"href":"https:\/\/diarioregionaldigital.com.br\/index.php?rest_route=\/wp\/v2\/posts"}],"about":[{"href":"https:\/\/diarioregionaldigital.com.br\/index.php?rest_route=\/wp\/v2\/types\/post"}],"author":[{"embeddable":true,"href":"https:\/\/diarioregionaldigital.com.br\/index.php?rest_route=\/wp\/v2\/users\/96"}],"replies":[{"embeddable":true,"href":"https:\/\/diarioregionaldigital.com.br\/index.php?rest_route=%2Fwp%2Fv2%2Fcomments&post=142120"}],"version-history":[{"count":0,"href":"https:\/\/diarioregionaldigital.com.br\/index.php?rest_route=\/wp\/v2\/posts\/142120\/revisions"}],"wp:featuredmedia":[{"embeddable":true,"href":"https:\/\/diarioregionaldigital.com.br\/index.php?rest_route=\/wp\/v2\/media\/142121"}],"wp:attachment":[{"href":"https:\/\/diarioregionaldigital.com.br\/index.php?rest_route=%2Fwp%2Fv2%2Fmedia&parent=142120"}],"wp:term":[{"taxonomy":"category","embeddable":true,"href":"https:\/\/diarioregionaldigital.com.br\/index.php?rest_route=%2Fwp%2Fv2%2Fcategories&post=142120"},{"taxonomy":"post_tag","embeddable":true,"href":"https:\/\/diarioregionaldigital.com.br\/index.php?rest_route=%2Fwp%2Fv2%2Ftags&post=142120"}],"curies":[{"name":"wp","href":"https:\/\/api.w.org\/{rel}","templated":true}]}}