{"id":142117,"date":"2019-06-17T17:53:34","date_gmt":"2019-06-17T20:53:34","guid":{"rendered":"https:\/\/diarioregionaldigital.com.br\/?p=142117"},"modified":"2019-06-17T17:53:34","modified_gmt":"2019-06-17T20:53:34","slug":"cpi-dos-onibus-comissao-da-os-ultimos-passos-para-conclusao-do-relatorio-final","status":"publish","type":"post","link":"https:\/\/diarioregionaldigital.com.br\/?p=142117","title":{"rendered":"CPI dos \u00f4nibus &#8211; Comiss\u00e3o d\u00e1 os \u00faltimos passos para conclus\u00e3o do relat\u00f3rio final"},"content":{"rendered":"<p>A Comiss\u00e3o Parlamentar de Inqu\u00e9rito (CPI), esteve em mais uma oitiva na manh\u00e3 desta segunda-feira, 17. Desta vez, os parlamentares escutaram o depoimento do Secret\u00e1rio da Fazenda, F\u00falvio Albertoni e do Procurador Geral do Munic\u00edpio, Edgar Souza Ferreira. \u00a0Na pr\u00f3xima quarta-feira, 19, a Comiss\u00e3o volta a se reunir, para definir se haver\u00e1 novos depoimentos ou encerrar\u00e1 essa etapa, que precede a divulga\u00e7\u00e3o do relat\u00f3rio final.<\/p>\n<p>A CPI foi instalada em novembro de 2018, com o intuito de verificar se h\u00e1 irregularidades das concession\u00e1rias respons\u00e1veis pelo transporte coletivo urbano no cumprimento dos contratos de presta\u00e7\u00e3o de servi\u00e7o p\u00fablico. A Comiss\u00e3o \u00e9 presidida pelo vereador Adriano Miranda (PHS) e composta pelos vereadores Cido Reis (PSB), Mello Casal (PTB), Jos\u00e9 M\u00e1rcio Garotinho (PV) e Wanderson Castelar (PT).<\/p>\n<p>Fonte: CMJF<\/p>\n","protected":false},"excerpt":{"rendered":"<p>A Comiss\u00e3o Parlamentar de Inqu\u00e9rito (CPI), esteve em mais uma oitiva na manh\u00e3 desta segunda-feira, 17. Desta vez, os parlamentares escutaram o depoimento do Secret\u00e1rio da Fazenda, F\u00falvio Albertoni e do Procurador Geral do Munic\u00edpio, Edgar Souza Ferreira. \u00a0Na pr\u00f3xima quarta-feira, 19, a Comiss\u00e3o volta a se reunir, para definir se haver\u00e1 novos depoimentos ou [&hellip;]<\/p>\n","protected":false},"author":96,"featured_media":142118,"comment_status":"closed","ping_status":"closed","sticky":false,"template":"","format":"standard","meta":{"footnotes":""},"categories":[253,436,439],"tags":[],"class_list":["post-142117","post","type-post","status-publish","format-standard","has-post-thumbnail","hentry","category-cidade","category-destaque-da-semana","category-ultima-hora"],"_links":{"self":[{"href":"https:\/\/diarioregionaldigital.com.br\/index.php?rest_route=\/wp\/v2\/posts\/142117","targetHints":{"allow":["GET"]}}],"collection":[{"href":"https:\/\/diarioregionaldigital.com.br\/index.php?rest_route=\/wp\/v2\/posts"}],"about":[{"href":"https:\/\/diarioregionaldigital.com.br\/index.php?rest_route=\/wp\/v2\/types\/post"}],"author":[{"embeddable":true,"href":"https:\/\/diarioregionaldigital.com.br\/index.php?rest_route=\/wp\/v2\/users\/96"}],"replies":[{"embeddable":true,"href":"https:\/\/diarioregionaldigital.com.br\/index.php?rest_route=%2Fwp%2Fv2%2Fcomments&post=142117"}],"version-history":[{"count":0,"href":"https:\/\/diarioregionaldigital.com.br\/index.php?rest_route=\/wp\/v2\/posts\/142117\/revisions"}],"wp:featuredmedia":[{"embeddable":true,"href":"https:\/\/diarioregionaldigital.com.br\/index.php?rest_route=\/wp\/v2\/media\/142118"}],"wp:attachment":[{"href":"https:\/\/diarioregionaldigital.com.br\/index.php?rest_route=%2Fwp%2Fv2%2Fmedia&parent=142117"}],"wp:term":[{"taxonomy":"category","embeddable":true,"href":"https:\/\/diarioregionaldigital.com.br\/index.php?rest_route=%2Fwp%2Fv2%2Fcategories&post=142117"},{"taxonomy":"post_tag","embeddable":true,"href":"https:\/\/diarioregionaldigital.com.br\/index.php?rest_route=%2Fwp%2Fv2%2Ftags&post=142117"}],"curies":[{"name":"wp","href":"https:\/\/api.w.org\/{rel}","templated":true}]}}