{"id":142108,"date":"2019-06-17T17:12:17","date_gmt":"2019-06-17T20:12:17","guid":{"rendered":"https:\/\/diarioregionaldigital.com.br\/?p=142108"},"modified":"2019-06-17T17:19:41","modified_gmt":"2019-06-17T20:19:41","slug":"ces-jf-promove-encontro-com-profissionais-do-mercado-de-marketing-e-rh-de-juiz-de-fora","status":"publish","type":"post","link":"https:\/\/diarioregionaldigital.com.br\/?p=142108","title":{"rendered":"CES\/JF promove encontro com profissionais do mercado de Marketing e RH de Juiz de Fora"},"content":{"rendered":"<p>Acontece no dia 18 de junho, no Centro de Ensino Superior de Juiz de Fora (CES\/JF) &#8211; campus Academia, o evento \u201cVivenciando o Marketing e RH\u201d que traz profissionais renomados do mercado de Juiz de Fora. O encontro, organizado pelos estudantes dos cursos de Marketing e gest\u00e3o em Recursos Humanos do CES\/JF, tem como objetivo promover conhecimento e partilhar experi\u00eancias no ambiente acad\u00eamico.<\/p>\n<p>Ser\u00e3o abordados temas atuais no que diz respeito a atua\u00e7\u00e3o do profissional no mercado de trabalho nas \u00e1reas de RH e Marketing.\u00a0 Acoordenadora de responsabilidade social da MRS\u00a0Log\u00edstica,\u00a0F\u00e1tima Chaves Aleixo, ir\u00e1 ministrar a palestra \u201cO profissional de RH e o mercado de trabalho\u201d. O evento conta ainda com uma mesa-redonda com profissionais do Marketing. Estar\u00e3o presentes a supervisora de Marketing do Grupo Libertempo, Isabella Paiva; o\u00a0CEO e fundador do Grupo Emedia, T\u00f4 de Bolsa e Ecaderno, Diogo Garcia; o fundador da Collisiun e do Linkme.bio, Kyro Caram; e o diretor de Intelig\u00eancia da Buena Vista Intelig\u00eancia de Neg\u00f3cio, Guilherme Leit\u00e3o.<\/p>\n<p>O evento ser\u00e1 realizado das 19h \u00e0s 22h30 no Anfiteatro do CES Academia. As inscri\u00e7\u00f5es podem ser feitas pelo site do CES ou pelo Sympla. E ser\u00e1 necess\u00e1rio que o participante traga um item de higiene pessoal ou leite de caixinha que ser\u00e1 doado para o Grupo CASA.<\/p>\n<p>&nbsp;<\/p>\n<p><b>SERVI\u00c7O<\/b>:<\/p>\n<p><u>O que:\u00a0<\/u>Vivenciando o Marketing e RH, conta com palestra de Rh e mesa redonda de marketing<u><\/u><\/p>\n<p><u>Onde:<\/u>\u00a0Anfiteatro do CES\/JF, campus Academia. R. Halfeld, 1.179 &#8211; Centro, Juiz de Fora<\/p>\n<p><u>P\u00fablico-alvo:<\/u>\u00a0Alunos e profissionais de Marketing e RH e demais interessados<\/p>\n<p><u>Quando:\u00a0<\/u>Dia 18 de junho, \u00e0s 19 horas<\/p>\n<p><u>Quanto:<\/u>\u00a0Ser\u00e1 cobrado no dia do evento um (1) item de higiene de uso pessoal ou um leite de caixinha, os quais ser\u00e3o doados para o Grupo CASA<\/p>\n<p><u>\u00a0<\/u><\/p>\n<p><u>Inscri\u00e7\u00f5es<\/u>:<\/p>\n<p>Site do Ces:<\/p>\n<p><a tabindex=\"-1\" href=\"http:\/\/webces.svdesdeva.com.br:6060\/sistemas\/controleEventos\/index.xhtml?codigoEvento=OTUzNw==\" target=\"_blank\" rel=\"external noopener\">http:\/\/webces.svdesdeva.com.br:6060\/sistemas\/controleEventos\/index.xhtml?codigoEvento=OTUzNw==<\/a><\/p>\n<p><a tabindex=\"-1\" href=\"http:\/\/webces.svdesdeva.com.br:6060\/sistemas\/controleEventos\/index.xhtml?codigoEvento=OTUzOA==\" target=\"_blank\" rel=\"external noopener\">http:\/\/webces.svdesdeva.com.br:6060\/sistemas\/controleEventos\/index.xhtml?codigoEvento=OTUzOA==<\/a><\/p>\n","protected":false},"excerpt":{"rendered":"<p>Acontece no dia 18 de junho, no Centro de Ensino Superior de Juiz de Fora (CES\/JF) &#8211; campus Academia, o evento \u201cVivenciando o Marketing e RH\u201d que traz profissionais renomados do mercado de Juiz de Fora. O encontro, organizado pelos estudantes dos cursos de Marketing e gest\u00e3o em Recursos Humanos do CES\/JF, tem como objetivo [&hellip;]<\/p>\n","protected":false},"author":96,"featured_media":130741,"comment_status":"closed","ping_status":"closed","sticky":false,"template":"","format":"standard","meta":{"footnotes":""},"categories":[253,436,439],"tags":[],"class_list":["post-142108","post","type-post","status-publish","format-standard","has-post-thumbnail","hentry","category-cidade","category-destaque-da-semana","category-ultima-hora"],"_links":{"self":[{"href":"https:\/\/diarioregionaldigital.com.br\/index.php?rest_route=\/wp\/v2\/posts\/142108","targetHints":{"allow":["GET"]}}],"collection":[{"href":"https:\/\/diarioregionaldigital.com.br\/index.php?rest_route=\/wp\/v2\/posts"}],"about":[{"href":"https:\/\/diarioregionaldigital.com.br\/index.php?rest_route=\/wp\/v2\/types\/post"}],"author":[{"embeddable":true,"href":"https:\/\/diarioregionaldigital.com.br\/index.php?rest_route=\/wp\/v2\/users\/96"}],"replies":[{"embeddable":true,"href":"https:\/\/diarioregionaldigital.com.br\/index.php?rest_route=%2Fwp%2Fv2%2Fcomments&post=142108"}],"version-history":[{"count":0,"href":"https:\/\/diarioregionaldigital.com.br\/index.php?rest_route=\/wp\/v2\/posts\/142108\/revisions"}],"wp:featuredmedia":[{"embeddable":true,"href":"https:\/\/diarioregionaldigital.com.br\/index.php?rest_route=\/wp\/v2\/media\/130741"}],"wp:attachment":[{"href":"https:\/\/diarioregionaldigital.com.br\/index.php?rest_route=%2Fwp%2Fv2%2Fmedia&parent=142108"}],"wp:term":[{"taxonomy":"category","embeddable":true,"href":"https:\/\/diarioregionaldigital.com.br\/index.php?rest_route=%2Fwp%2Fv2%2Fcategories&post=142108"},{"taxonomy":"post_tag","embeddable":true,"href":"https:\/\/diarioregionaldigital.com.br\/index.php?rest_route=%2Fwp%2Fv2%2Ftags&post=142108"}],"curies":[{"name":"wp","href":"https:\/\/api.w.org\/{rel}","templated":true}]}}