{"id":142085,"date":"2019-06-17T15:32:20","date_gmt":"2019-06-17T18:32:20","guid":{"rendered":"https:\/\/diarioregionaldigital.com.br\/?p=142085"},"modified":"2019-06-17T15:32:20","modified_gmt":"2019-06-17T18:32:20","slug":"brasil-derrota-japao-nos-penaltis-e-e-campeao-do-maurice-revello-2019","status":"publish","type":"post","link":"https:\/\/diarioregionaldigital.com.br\/?p=142085","title":{"rendered":"Brasil derrota Jap\u00e3o nos p\u00eanaltis e \u00e9 campe\u00e3o do Maurice Revello 2019"},"content":{"rendered":"<p>\u00c9 Campe\u00e3o! A Sele\u00e7\u00e3o Ol\u00edmpica faturou o Torneio Maurice Revello 2019. Neste s\u00e1bado (15), o Brasil se sagrou campe\u00e3o do antigo Torneio de Toulon ao superar o Jap\u00e3o nos p\u00eanaltis. Ap\u00f3s o empate em 1 a 1 no tempo regulamentar, a equipe comandada pelo t\u00e9cnico Andr\u00e9 Jardine foi mais eficiente nas cobran\u00e7as (5 a 4) e fez a festa no Stade d&#8217;Honneur Marcel Roustan, em Salon-de-Provence, na Fran\u00e7a.<\/p>\n<p>De forma invicta, a Sele\u00e7\u00e3o Brasileira fechou o torneio com o trof\u00e9u, a melhor defesa, o melhor ataque e o artilheiro. Ao todo, foram 16 gols marcados e apenas um sofrido. Autor do gol brasileiro na final, Matheus Cunha terminou na ponta da artilharia com quatro bolas nas redes.<\/p>\n<p>&nbsp;<\/p>\n<p><strong>O JOGO<\/strong><\/p>\n<p>A disputa pela posse de bola marcou o in\u00edcio do duelo. Al\u00e9m de pressionar a sa\u00edda de bola do advers\u00e1rio, o Brasil apostava na troca r\u00e1pida de passes para achar uma brecha no sistema defensivo do Jap\u00e3o. Aos 18 minutos, ap\u00f3s trama pelo meio, Matheus Cunha percebeu a infiltra\u00e7\u00e3o de Antony nas costas dos zagueiros e lan\u00e7ou o camisa 7, que tocou na sa\u00edda do goleiro para abrir o placar, 1 a 0. At\u00e9 ent\u00e3o intranspon\u00edvel no torneio, a zaga brasileira foi vazada pela primeira vez e as equipes foram para o intervalo empatada. Aos 39 minutos, Ogawa aproveitou de Murilo e deixou tudo igual, 1 a 1.<\/p>\n<p>A Sele\u00e7\u00e3o Brasileira voltou a pressionar o Jap\u00e3o no segundo tempo. Com as linhas avan\u00e7adas, o Brasil seguiu com mais posse de bola no campo advers\u00e1rio. Aos 11 minutos, Antony se livrou de dois marcadores e cruzou na medida para Matheus Cunha, que tirou tinta do travess\u00e3o. Sem se expor, a equipe japonesa passou a apostar nos contra-ataques e, aos 14 minutos, o goleiro Ivan fez grande defesa em chute de Ogawa. Aos 17 minutos, Paulinho tamb\u00e9m levou a melhor na jogada individual, invadiu a \u00e1rea e levou perigo. O equil\u00edbrio tomou conta da reta final da partida e a decis\u00e3o foi para os p\u00eanaltis. Nas cobran\u00e7as, o Brasil converteu todas a cobran\u00e7as e faturou o t\u00edtulo com a defesa do goleiro Ivan na \u00faltima batida do Jap\u00e3o.<\/p>\n<p>BRASIL: Ivan; Emerson (Guga), Lyanco, Murilo e Iago; Douglas, Matheus Henrique e Pedrinho (Mateus Vital); Paulinho, Antony (Wendel) e Matheus Cunha (Pedro). T\u00e9cnico: Andr\u00e9 Jardine<\/p>\n<p>Fonte: CBF<\/p>\n","protected":false},"excerpt":{"rendered":"<p>\u00c9 Campe\u00e3o! A Sele\u00e7\u00e3o Ol\u00edmpica faturou o Torneio Maurice Revello 2019. Neste s\u00e1bado (15), o Brasil se sagrou campe\u00e3o do antigo Torneio de Toulon ao superar o Jap\u00e3o nos p\u00eanaltis. Ap\u00f3s o empate em 1 a 1 no tempo regulamentar, a equipe comandada pelo t\u00e9cnico Andr\u00e9 Jardine foi mais eficiente nas cobran\u00e7as (5 a 4) [&hellip;]<\/p>\n","protected":false},"author":96,"featured_media":142086,"comment_status":"closed","ping_status":"closed","sticky":false,"template":"","format":"standard","meta":{"footnotes":""},"categories":[436,257,439],"tags":[],"class_list":["post-142085","post","type-post","status-publish","format-standard","has-post-thumbnail","hentry","category-destaque-da-semana","category-esporte","category-ultima-hora"],"_links":{"self":[{"href":"https:\/\/diarioregionaldigital.com.br\/index.php?rest_route=\/wp\/v2\/posts\/142085","targetHints":{"allow":["GET"]}}],"collection":[{"href":"https:\/\/diarioregionaldigital.com.br\/index.php?rest_route=\/wp\/v2\/posts"}],"about":[{"href":"https:\/\/diarioregionaldigital.com.br\/index.php?rest_route=\/wp\/v2\/types\/post"}],"author":[{"embeddable":true,"href":"https:\/\/diarioregionaldigital.com.br\/index.php?rest_route=\/wp\/v2\/users\/96"}],"replies":[{"embeddable":true,"href":"https:\/\/diarioregionaldigital.com.br\/index.php?rest_route=%2Fwp%2Fv2%2Fcomments&post=142085"}],"version-history":[{"count":0,"href":"https:\/\/diarioregionaldigital.com.br\/index.php?rest_route=\/wp\/v2\/posts\/142085\/revisions"}],"wp:featuredmedia":[{"embeddable":true,"href":"https:\/\/diarioregionaldigital.com.br\/index.php?rest_route=\/wp\/v2\/media\/142086"}],"wp:attachment":[{"href":"https:\/\/diarioregionaldigital.com.br\/index.php?rest_route=%2Fwp%2Fv2%2Fmedia&parent=142085"}],"wp:term":[{"taxonomy":"category","embeddable":true,"href":"https:\/\/diarioregionaldigital.com.br\/index.php?rest_route=%2Fwp%2Fv2%2Fcategories&post=142085"},{"taxonomy":"post_tag","embeddable":true,"href":"https:\/\/diarioregionaldigital.com.br\/index.php?rest_route=%2Fwp%2Fv2%2Ftags&post=142085"}],"curies":[{"name":"wp","href":"https:\/\/api.w.org\/{rel}","templated":true}]}}