{"id":142079,"date":"2019-06-17T15:24:20","date_gmt":"2019-06-17T18:24:20","guid":{"rendered":"https:\/\/diarioregionaldigital.com.br\/?p=142079"},"modified":"2019-06-17T15:32:58","modified_gmt":"2019-06-17T18:32:58","slug":"thaisa-avalia-que-selecao-tem-potencial-para-vencer-a-italia","status":"publish","type":"post","link":"https:\/\/diarioregionaldigital.com.br\/?p=142079","title":{"rendered":"Thaisa avalia que sele\u00e7\u00e3o tem potencial para vencer a It\u00e1lia"},"content":{"rendered":"<p>Thaisa \u00e9 a jogadora brasileira que mais conhece o futebol italiano, cuja sele\u00e7\u00e3o \u00e9 a advers\u00e1ria do Brasil nesta ter\u00e7a-feira (18), \u00e0s 16h, no Est\u00e1dio Hainaut, em Valenciennes, pela terceira rodada da fase de Grupo da Copa do Mundo na Fran\u00e7a. H\u00e1 um ano jogando na Ital\u00eda, defendendo o Milan, onde, segundo ela, o seu futebol evoluiu na parte t\u00e1tica, Thaisa avalia que o Brasil tem potencial para vencer as italianas.<\/p>\n<p>\u201cEu acho que o futebol italiano agregou no meu jogo a parte t\u00e1tica, eles t\u00eam algo a mais e s\u00e3o conhecidos pela t\u00e1tica. Esse estilo italiano eu aprendi e tem agregado muito no meu estilo de jogo. Acho que vai ser dif\u00edcil, elas est\u00e3o bem taticamente, mas n\u00f3s temos muito potencial. A gente tem estudado muito elas e vamos determinadas para uma vit\u00f3ria\u201d, disse Thaisa.<\/p>\n<p>No jogo de amanh\u00e3, Thaisa n\u00e3o ter\u00e1 ao lado, no meio-campo, a camisa oito Formiga, que recebeu o segundo cart\u00e3o amarelo e est\u00e1 foram da partida. \u201cEu tenho certeza que quem o professor Vad\u00e3o escolher para a vaga vai fazer o melhor. A gente tem tudo para conseguir essa vit\u00f3ria. A Formiga \u00e9 uma perda grande, mas a gente est\u00e1 numa sele\u00e7\u00e3o, e acredito que quem est\u00e1 no banco tamb\u00e9m \u00e9 bem competente para entrar e n\u00e3o deixar esse n\u00edvel cair\u201d.<\/p>\n<p>Nesse domingo (16), o treinador Vad\u00e3o comandou um treinamento com todas as jogadoras no Est\u00e1dio Jean Jacques, em Lille. Ele priorizou a parte t\u00e1tica. As atacantes Andressa Alves e Cristiane, al\u00e9m da zagueira Kathellen fizeram um trabalho separado<\/p>\n<p>A It\u00e1lia venceu os dois primeiros jogos da fase de grupo, lidera a chave com seis pontos e entra em campo nessa ter\u00e7a-feira com a classifica\u00e7\u00e3o garantida. O Brasil est\u00e1 na segunda coloca\u00e7\u00e3o, com 3 pontos e saldo de 2 gols. Logo em seguida vem a Austr\u00e1lia, tamb\u00e9m 3 pontos e saldo zero de gol. A quarta coloca\u00e7\u00e3o \u00e9 da Jamaica, que ainda n\u00e3o marcou ponto.<\/p>\n<p>Nos dois \u00faltimos dois jogos amistosos, as duas sele\u00e7\u00f5es se enfrentaram no Torneio de Manaus, em 2016. O Brasil venceu as italianas na fase de grupo, por 3 a 1; e na decis\u00e3o da competi\u00e7\u00e3o por 5 a 3. Depois desse tornei, Brasil e It\u00e1lia n\u00e3o voltaram a se encontrar.<\/p>\n<p>Fonte: Ag\u00eancia Brasil<\/p>\n","protected":false},"excerpt":{"rendered":"<p>Thaisa \u00e9 a jogadora brasileira que mais conhece o futebol italiano, cuja sele\u00e7\u00e3o \u00e9 a advers\u00e1ria do Brasil nesta ter\u00e7a-feira (18), \u00e0s 16h, no Est\u00e1dio Hainaut, em Valenciennes, pela terceira rodada da fase de Grupo da Copa do Mundo na Fran\u00e7a. H\u00e1 um ano jogando na Ital\u00eda, defendendo o Milan, onde, segundo ela, o seu [&hellip;]<\/p>\n","protected":false},"author":96,"featured_media":142080,"comment_status":"closed","ping_status":"closed","sticky":false,"template":"","format":"standard","meta":{"footnotes":""},"categories":[436,257,439],"tags":[],"class_list":["post-142079","post","type-post","status-publish","format-standard","has-post-thumbnail","hentry","category-destaque-da-semana","category-esporte","category-ultima-hora"],"_links":{"self":[{"href":"https:\/\/diarioregionaldigital.com.br\/index.php?rest_route=\/wp\/v2\/posts\/142079","targetHints":{"allow":["GET"]}}],"collection":[{"href":"https:\/\/diarioregionaldigital.com.br\/index.php?rest_route=\/wp\/v2\/posts"}],"about":[{"href":"https:\/\/diarioregionaldigital.com.br\/index.php?rest_route=\/wp\/v2\/types\/post"}],"author":[{"embeddable":true,"href":"https:\/\/diarioregionaldigital.com.br\/index.php?rest_route=\/wp\/v2\/users\/96"}],"replies":[{"embeddable":true,"href":"https:\/\/diarioregionaldigital.com.br\/index.php?rest_route=%2Fwp%2Fv2%2Fcomments&post=142079"}],"version-history":[{"count":0,"href":"https:\/\/diarioregionaldigital.com.br\/index.php?rest_route=\/wp\/v2\/posts\/142079\/revisions"}],"wp:featuredmedia":[{"embeddable":true,"href":"https:\/\/diarioregionaldigital.com.br\/index.php?rest_route=\/wp\/v2\/media\/142080"}],"wp:attachment":[{"href":"https:\/\/diarioregionaldigital.com.br\/index.php?rest_route=%2Fwp%2Fv2%2Fmedia&parent=142079"}],"wp:term":[{"taxonomy":"category","embeddable":true,"href":"https:\/\/diarioregionaldigital.com.br\/index.php?rest_route=%2Fwp%2Fv2%2Fcategories&post=142079"},{"taxonomy":"post_tag","embeddable":true,"href":"https:\/\/diarioregionaldigital.com.br\/index.php?rest_route=%2Fwp%2Fv2%2Ftags&post=142079"}],"curies":[{"name":"wp","href":"https:\/\/api.w.org\/{rel}","templated":true}]}}