{"id":142071,"date":"2019-06-17T14:10:02","date_gmt":"2019-06-17T17:10:02","guid":{"rendered":"https:\/\/diarioregionaldigital.com.br\/?p=142071"},"modified":"2019-06-17T14:10:02","modified_gmt":"2019-06-17T17:10:02","slug":"produtividade-do-trabalho-no-pais-recua-11-no-primeiro-trimestre","status":"publish","type":"post","link":"https:\/\/diarioregionaldigital.com.br\/?p=142071","title":{"rendered":"Produtividade do trabalho no pa\u00eds recua 1,1% no primeiro trimestre"},"content":{"rendered":"<p>A produtividade por hora trabalhada no pa\u00eds, calculada pela Funda\u00e7\u00e3o Getulio Vargas (FGV), recuou 1,1% no primeiro trimestre deste ano, na compara\u00e7\u00e3o com o primeiro trimestre de 2018. O dado \u00e9 calculado com base nas Contras Trimestrais e na Pesquisa Nacional por Amostra de Domic\u00edlio (Pnad), divulgadas pelo Instituto Brasileiro de Geografia e Estat\u00edstica (IBGE).<\/p>\n<p>No trimestre anterior, a produtividade havia crescido 0,1%. Considerando-se os grandes setores da economia, apenas a agropecu\u00e1ria teve alta na produtividade do trabalho na compara\u00e7\u00e3o do primeiro trimestre do ano com o mesmo per\u00edodo de 2018 (0,4%). Na ind\u00fastria e nos servi\u00e7os, houve recuo de 1,2% no per\u00edodo.<\/p>\n<p>No acumulado de quatro trimestres, a produtividade no trabalho recuou 0,3%. Entre os setores, apenas os servi\u00e7os tiveram queda nesse tipo de compara\u00e7\u00e3o (-0,8%). Na ind\u00fastria, houve crescimento de 0,6% e, na agropecu\u00e1ria, 1,5%.<\/p>\n<p>Fonte: Ag\u00eancia Brasil<\/p>\n","protected":false},"excerpt":{"rendered":"<p>A produtividade por hora trabalhada no pa\u00eds, calculada pela Funda\u00e7\u00e3o Getulio Vargas (FGV), recuou 1,1% no primeiro trimestre deste ano, na compara\u00e7\u00e3o com o primeiro trimestre de 2018. O dado \u00e9 calculado com base nas Contras Trimestrais e na Pesquisa Nacional por Amostra de Domic\u00edlio (Pnad), divulgadas pelo Instituto Brasileiro de Geografia e Estat\u00edstica (IBGE). [&hellip;]<\/p>\n","protected":false},"author":96,"featured_media":105072,"comment_status":"closed","ping_status":"closed","sticky":false,"template":"","format":"standard","meta":{"footnotes":""},"categories":[436,261,439],"tags":[],"class_list":["post-142071","post","type-post","status-publish","format-standard","has-post-thumbnail","hentry","category-destaque-da-semana","category-economia","category-ultima-hora"],"_links":{"self":[{"href":"https:\/\/diarioregionaldigital.com.br\/index.php?rest_route=\/wp\/v2\/posts\/142071","targetHints":{"allow":["GET"]}}],"collection":[{"href":"https:\/\/diarioregionaldigital.com.br\/index.php?rest_route=\/wp\/v2\/posts"}],"about":[{"href":"https:\/\/diarioregionaldigital.com.br\/index.php?rest_route=\/wp\/v2\/types\/post"}],"author":[{"embeddable":true,"href":"https:\/\/diarioregionaldigital.com.br\/index.php?rest_route=\/wp\/v2\/users\/96"}],"replies":[{"embeddable":true,"href":"https:\/\/diarioregionaldigital.com.br\/index.php?rest_route=%2Fwp%2Fv2%2Fcomments&post=142071"}],"version-history":[{"count":0,"href":"https:\/\/diarioregionaldigital.com.br\/index.php?rest_route=\/wp\/v2\/posts\/142071\/revisions"}],"wp:featuredmedia":[{"embeddable":true,"href":"https:\/\/diarioregionaldigital.com.br\/index.php?rest_route=\/wp\/v2\/media\/105072"}],"wp:attachment":[{"href":"https:\/\/diarioregionaldigital.com.br\/index.php?rest_route=%2Fwp%2Fv2%2Fmedia&parent=142071"}],"wp:term":[{"taxonomy":"category","embeddable":true,"href":"https:\/\/diarioregionaldigital.com.br\/index.php?rest_route=%2Fwp%2Fv2%2Fcategories&post=142071"},{"taxonomy":"post_tag","embeddable":true,"href":"https:\/\/diarioregionaldigital.com.br\/index.php?rest_route=%2Fwp%2Fv2%2Ftags&post=142071"}],"curies":[{"name":"wp","href":"https:\/\/api.w.org\/{rel}","templated":true}]}}