{"id":142032,"date":"2019-06-15T07:36:56","date_gmt":"2019-06-15T10:36:56","guid":{"rendered":"https:\/\/diarioregionaldigital.com.br\/?p=142032"},"modified":"2019-06-15T07:36:56","modified_gmt":"2019-06-15T10:36:56","slug":"moro-fala-a-ccj-nesta-quarta-sobre-troca-de-mensagens-com-coordenador-da-lava-jato","status":"publish","type":"post","link":"https:\/\/diarioregionaldigital.com.br\/?p=142032","title":{"rendered":"Moro fala \u00e0 CCJ nesta quarta sobre troca de mensagens com coordenador da Lava jato"},"content":{"rendered":"<p>Na quarta-feira (19), o ministro da Justi\u00e7a e Seguran\u00e7a P\u00fablica Sergio Moro ser\u00e1 ouvido na Comiss\u00e3o de Constitui\u00e7\u00e3o e Justi\u00e7a (CCJ) para esclarecer informa\u00e7\u00f5es publicadas na imprensa sobre a suposta colabora\u00e7\u00e3o dele com procuradores da for\u00e7a-tarefa da opera\u00e7\u00e3o Lava Jato enquanto era juiz federal.<\/p>\n<p>O site The Intercept divulgou mensagens em que Moro e o procurador Deltan Dallagnol, coordenador da for\u00e7a-tarefa, trocaram informa\u00e7\u00f5es sobre procedimentos e decis\u00f5es em processos da Lava Jato,\u00a0 incluindo o que levou \u00e0 condena\u00e7\u00e3o do ex-presidente Lula. As mensagens foram trocadas em um aplicativo para celular e foram extra\u00eddas mediante a invas\u00e3o de aparelhos dos procuradores por hackers ainda n\u00e3o identificados.<\/p>\n<p>A audi\u00eancia foi marcada por sugest\u00e3o do senador Fernando Bezerra Coelho (MDB-PE), l\u00edder do governo no Senado. Em of\u00edcio enviado ao presidente do Senado, Davi Alcolumbre, o l\u00edder destacou que a iniciativa de esclarecer os fatos partiu do pr\u00f3prio Moro.<\/p>\n<p>\u201cManifestamos a nossa confian\u00e7a no ministro S\u00e9rgio Moro, certos de que esta ser\u00e1 uma oportunidade para que ele demonstre a sua lisura e corre\u00e7\u00e3o como juiz federal, refutando as cr\u00edticas e ila\u00e7\u00f5es a respeito da sua conduta \u00e0 frente da Opera\u00e7\u00e3o Lava Jato\u201d, disse o senador no oficio.<\/p>\n<p>A reuni\u00e3o, marcada para as 9h, ser\u00e1 transmitida ao vivo pela TV Senado e canal da TV Senado pelo Youtube.<\/p>\n<p>Fonte: Ag\u00eancia Senado<\/p>\n","protected":false},"excerpt":{"rendered":"<p>Na quarta-feira (19), o ministro da Justi\u00e7a e Seguran\u00e7a P\u00fablica Sergio Moro ser\u00e1 ouvido na Comiss\u00e3o de Constitui\u00e7\u00e3o e Justi\u00e7a (CCJ) para esclarecer informa\u00e7\u00f5es publicadas na imprensa sobre a suposta colabora\u00e7\u00e3o dele com procuradores da for\u00e7a-tarefa da opera\u00e7\u00e3o Lava Jato enquanto era juiz federal. O site The Intercept divulgou mensagens em que Moro e o [&hellip;]<\/p>\n","protected":false},"author":96,"featured_media":142039,"comment_status":"closed","ping_status":"closed","sticky":false,"template":"","format":"standard","meta":{"footnotes":""},"categories":[436,254,439],"tags":[],"class_list":["post-142032","post","type-post","status-publish","format-standard","has-post-thumbnail","hentry","category-destaque-da-semana","category-politica","category-ultima-hora"],"_links":{"self":[{"href":"https:\/\/diarioregionaldigital.com.br\/index.php?rest_route=\/wp\/v2\/posts\/142032","targetHints":{"allow":["GET"]}}],"collection":[{"href":"https:\/\/diarioregionaldigital.com.br\/index.php?rest_route=\/wp\/v2\/posts"}],"about":[{"href":"https:\/\/diarioregionaldigital.com.br\/index.php?rest_route=\/wp\/v2\/types\/post"}],"author":[{"embeddable":true,"href":"https:\/\/diarioregionaldigital.com.br\/index.php?rest_route=\/wp\/v2\/users\/96"}],"replies":[{"embeddable":true,"href":"https:\/\/diarioregionaldigital.com.br\/index.php?rest_route=%2Fwp%2Fv2%2Fcomments&post=142032"}],"version-history":[{"count":0,"href":"https:\/\/diarioregionaldigital.com.br\/index.php?rest_route=\/wp\/v2\/posts\/142032\/revisions"}],"wp:featuredmedia":[{"embeddable":true,"href":"https:\/\/diarioregionaldigital.com.br\/index.php?rest_route=\/wp\/v2\/media\/142039"}],"wp:attachment":[{"href":"https:\/\/diarioregionaldigital.com.br\/index.php?rest_route=%2Fwp%2Fv2%2Fmedia&parent=142032"}],"wp:term":[{"taxonomy":"category","embeddable":true,"href":"https:\/\/diarioregionaldigital.com.br\/index.php?rest_route=%2Fwp%2Fv2%2Fcategories&post=142032"},{"taxonomy":"post_tag","embeddable":true,"href":"https:\/\/diarioregionaldigital.com.br\/index.php?rest_route=%2Fwp%2Fv2%2Ftags&post=142032"}],"curies":[{"name":"wp","href":"https:\/\/api.w.org\/{rel}","templated":true}]}}