{"id":141890,"date":"2019-06-16T06:00:33","date_gmt":"2019-06-16T09:00:33","guid":{"rendered":"https:\/\/diarioregionaldigital.com.br\/?p=141890"},"modified":"2019-06-12T15:54:46","modified_gmt":"2019-06-12T18:54:46","slug":"previsao-de-crescimento-do-pib-cai-pela-15a-vez-seguida-e-fica-em-1","status":"publish","type":"post","link":"https:\/\/diarioregionaldigital.com.br\/?p=141890","title":{"rendered":"Previs\u00e3o de crescimento do PIB cai pela 15\u00aa vez seguida e fica em 1%"},"content":{"rendered":"<p>A estimativa do mercado financeiro para o crescimento da economia neste ano chegou a 1%, ap\u00f3s 15 redu\u00e7\u00f5es consecutivas. \u00c9 o que mostra o\u00a0boletim Focus, resultado de pesquisa do Banco Central (BC) a institui\u00e7\u00f5es financeiras, divulgado \u00e0s segundas-feiras.<\/p>\n<p>A proje\u00e7\u00e3o para a expans\u00e3o do Produto Interno Bruto (PIB) \u2013 a soma de todos os bens e servi\u00e7os produzidos no pa\u00eds &#8211; desta vez foi reduzida de 1,13% para 1%.<\/p>\n<p>A expectativa das institui\u00e7\u00f5es financeiras \u00e9 que a economia tenha crescimento maior em 2020, entretanto, a previs\u00e3o para o pr\u00f3ximo ano foi reduzida de 2,50% para 2,23%. A previs\u00e3o para 2021 e 2022 permanece em 2,50%.<\/p>\n<p>&nbsp;<\/p>\n<p><strong>Infla\u00e7\u00e3o<\/strong><\/p>\n<p>A estimativa de infla\u00e7\u00e3o, calculada pelo \u00cdndice Nacional de Pre\u00e7os ao Consumidor Amplo (IPCA), caiu de 4,03% para 3,89% este ano, foi mantida em 4% para 2020 e em 3,75% para 2021 e 2022.<\/p>\n<p>Na \u00faltima sexta-feira, o Instituto Brasileiro de Geografia e Estat\u00edstica (IBGE) informou que o\u00a0\u00cdndice de Pre\u00e7os ao Consumidor Amplo\u00a0(IPCA) desacelerou em maio, ao variar 0,13%, 0,44 ponto percentual abaixo da taxa de abril (0,57%). Esse foi o menor resultado para maio desde 2006 (0,10%). A varia\u00e7\u00e3o acumulada no ano ficou em 2,22% e em 12 meses chegou a 4,66%.<\/p>\n<p>A meta de infla\u00e7\u00e3o de 2019, definida pelo Conselho Monet\u00e1rio Nacional (CMN), \u00e9 de 4,25%, com intervalo de toler\u00e2ncia entre 2,75% e 5,75%.<\/p>\n<p>A estimativa para 2020 est\u00e1 no centro da meta: 4%. Essa meta tem intervalo de 1,5 ponto percentual para cima ou para baixo.<\/p>\n<p>Para 2021, o centro da meta \u00e9 3,75%, tamb\u00e9m com intervalo de toler\u00e2ncia de 1,5 ponto percentual. O CMN ainda n\u00e3o definiu a meta de infla\u00e7\u00e3o para 2022.<\/p>\n<p>&nbsp;<\/p>\n<p><strong>Taxa b\u00e1sica de juros<\/strong><\/p>\n<p>Para controlar a infla\u00e7\u00e3o, o BC usa como principal instrumento a taxa b\u00e1sica de juros, a Selic. Para o mercado financeiro, a Selic deve permanecer no seu m\u00ednimo hist\u00f3rico de 6,50% ao ano at\u00e9 o fim de 2019.<\/p>\n<p>Para o fim de 2020, a proje\u00e7\u00e3o caiu de 7,25% ao ano para 7%. Para o fim de 2021, a previs\u00e3o passou de 8% ao ano para 7,50% e para o final de 2022, segue em 7,50% ao ano.<\/p>\n<p>A Selic, que serve de refer\u00eancia para os demais juros da economia, \u00e9 a taxa m\u00e9dia cobrada nas negocia\u00e7\u00f5es com t\u00edtulos emitidos pelo Tesouro Nacional, registradas diariamente no Sistema Especial de Liquida\u00e7\u00e3o e de Cust\u00f3dia (Selic).<\/p>\n<p>A manuten\u00e7\u00e3o da Selic este ano, como prev\u00ea o mercado financeiro, indica que o Copom considera as altera\u00e7\u00f5es anteriores nos juros b\u00e1sicos suficientes para chegar \u00e0 meta de infla\u00e7\u00e3o.<\/p>\n<p>Ao reduzir os juros b\u00e1sicos, a tend\u00eancia \u00e9 diminuir os custos do cr\u00e9dito e incentivar a produ\u00e7\u00e3o e o consumo. Para cortar a Selic, a autoridade monet\u00e1ria precisa estar segura de que os pre\u00e7os est\u00e3o sob controle e n\u00e3o correm risco de ficar acima da meta de infla\u00e7\u00e3o.<\/p>\n<p>Quando o Copom aumenta a Selic, o objetivo \u00e9 conter a demanda aquecida, e isso causa reflexos nos pre\u00e7os porque os juros mais altos encarecem o cr\u00e9dito e estimulam a poupan\u00e7a.<\/p>\n<p>&nbsp;<\/p>\n<p><strong>D\u00f3lar<\/strong><\/p>\n<p>A previs\u00e3o do mercado financeiro para a cota\u00e7\u00e3o do d\u00f3lar permanece em R$ 3,80 no fim de 2019 e de 2020.<\/p>\n","protected":false},"excerpt":{"rendered":"<p>A estimativa do mercado financeiro para o crescimento da economia neste ano chegou a 1%, ap\u00f3s 15 redu\u00e7\u00f5es consecutivas. \u00c9 o que mostra o\u00a0boletim Focus, resultado de pesquisa do Banco Central (BC) a institui\u00e7\u00f5es financeiras, divulgado \u00e0s segundas-feiras. A proje\u00e7\u00e3o para a expans\u00e3o do Produto Interno Bruto (PIB) \u2013 a soma de todos os bens [&hellip;]<\/p>\n","protected":false},"author":96,"featured_media":141891,"comment_status":"closed","ping_status":"closed","sticky":false,"template":"","format":"standard","meta":{"footnotes":""},"categories":[436,261,439],"tags":[],"class_list":["post-141890","post","type-post","status-publish","format-standard","has-post-thumbnail","hentry","category-destaque-da-semana","category-economia","category-ultima-hora"],"_links":{"self":[{"href":"https:\/\/diarioregionaldigital.com.br\/index.php?rest_route=\/wp\/v2\/posts\/141890","targetHints":{"allow":["GET"]}}],"collection":[{"href":"https:\/\/diarioregionaldigital.com.br\/index.php?rest_route=\/wp\/v2\/posts"}],"about":[{"href":"https:\/\/diarioregionaldigital.com.br\/index.php?rest_route=\/wp\/v2\/types\/post"}],"author":[{"embeddable":true,"href":"https:\/\/diarioregionaldigital.com.br\/index.php?rest_route=\/wp\/v2\/users\/96"}],"replies":[{"embeddable":true,"href":"https:\/\/diarioregionaldigital.com.br\/index.php?rest_route=%2Fwp%2Fv2%2Fcomments&post=141890"}],"version-history":[{"count":0,"href":"https:\/\/diarioregionaldigital.com.br\/index.php?rest_route=\/wp\/v2\/posts\/141890\/revisions"}],"wp:featuredmedia":[{"embeddable":true,"href":"https:\/\/diarioregionaldigital.com.br\/index.php?rest_route=\/wp\/v2\/media\/141891"}],"wp:attachment":[{"href":"https:\/\/diarioregionaldigital.com.br\/index.php?rest_route=%2Fwp%2Fv2%2Fmedia&parent=141890"}],"wp:term":[{"taxonomy":"category","embeddable":true,"href":"https:\/\/diarioregionaldigital.com.br\/index.php?rest_route=%2Fwp%2Fv2%2Fcategories&post=141890"},{"taxonomy":"post_tag","embeddable":true,"href":"https:\/\/diarioregionaldigital.com.br\/index.php?rest_route=%2Fwp%2Fv2%2Ftags&post=141890"}],"curies":[{"name":"wp","href":"https:\/\/api.w.org\/{rel}","templated":true}]}}