{"id":141888,"date":"2019-06-16T06:00:14","date_gmt":"2019-06-16T09:00:14","guid":{"rendered":"https:\/\/diarioregionaldigital.com.br\/?p=141888"},"modified":"2019-06-12T15:53:10","modified_gmt":"2019-06-12T18:53:10","slug":"fgv-indicadores-do-mercado-de-trabalho-mostram-piora-em-maio","status":"publish","type":"post","link":"https:\/\/diarioregionaldigital.com.br\/?p=141888","title":{"rendered":"FGV: indicadores do mercado de trabalho mostram piora em maio"},"content":{"rendered":"<p>Os dois indicadores da Funda\u00e7\u00e3o Getulio Vargas (FGV) que buscam registrar tend\u00eancias do mercado de trabalho no pa\u00eds tiveram piora na passagem de abril para maio deste ano. O Indicador Antecedente de Emprego (Iaemp), da Funda\u00e7\u00e3o Getulio Vargas (FGV), caiu 6,7 pontos em maio.<\/p>\n<p>Com a queda, o indicador, que busca antecipar tend\u00eancias futuras do mercado de trabalho e \u00e9 calculado com base em entrevistas com empres\u00e1rios da ind\u00fastria e dos servi\u00e7os e com consumidores, chegou a 85,8 pontos, em uma escala de zero a 200 pontos, o menor n\u00edvel desde junho de 2016 (82,2 pontos).<\/p>\n<p>De acordo com o pesquisador Rodolpho Tobler, da FGV, essa, que \u00e9 a quarta queda consecutiva do Iaemp, \u00e9 fruto de desapontamento com o ritmo de recupera\u00e7\u00e3o da atividade econ\u00f4mica e dos elevados n\u00edveis de incerteza.<\/p>\n<p>O outro \u00edndice, Indicador Coincidente de Desemprego (ICD), que mede a percep\u00e7\u00e3o dos consumidores sobre a situa\u00e7\u00e3o atual do mercado de trabalho, subiu 0,9 ponto, para 95,7, a maior pontua\u00e7\u00e3o desde dezembro do ano passado.<\/p>\n<p>O ICD \u00e9 medido em uma escala de zero a 200 pontos, em que quanto maior a pontua\u00e7\u00e3o, pior \u00e9 o resultado.<\/p>\n<p>De acordo com Tobler, apesar de ainda estar abaixo do n\u00edvel do per\u00edodo eleitoral, o ICD teve seu terceiro resultado negativo e ainda est\u00e1 em um patamar elevado. Para ele, o dado confirma a percep\u00e7\u00e3o de lentid\u00e3o na recupera\u00e7\u00e3o do mercado de trabalho.<\/p>\n<p>&nbsp;<\/p>\n","protected":false},"excerpt":{"rendered":"<p>Os dois indicadores da Funda\u00e7\u00e3o Getulio Vargas (FGV) que buscam registrar tend\u00eancias do mercado de trabalho no pa\u00eds tiveram piora na passagem de abril para maio deste ano. O Indicador Antecedente de Emprego (Iaemp), da Funda\u00e7\u00e3o Getulio Vargas (FGV), caiu 6,7 pontos em maio. Com a queda, o indicador, que busca antecipar tend\u00eancias futuras do [&hellip;]<\/p>\n","protected":false},"author":96,"featured_media":105072,"comment_status":"closed","ping_status":"closed","sticky":false,"template":"","format":"standard","meta":{"footnotes":""},"categories":[436,261,439],"tags":[],"class_list":["post-141888","post","type-post","status-publish","format-standard","has-post-thumbnail","hentry","category-destaque-da-semana","category-economia","category-ultima-hora"],"_links":{"self":[{"href":"https:\/\/diarioregionaldigital.com.br\/index.php?rest_route=\/wp\/v2\/posts\/141888","targetHints":{"allow":["GET"]}}],"collection":[{"href":"https:\/\/diarioregionaldigital.com.br\/index.php?rest_route=\/wp\/v2\/posts"}],"about":[{"href":"https:\/\/diarioregionaldigital.com.br\/index.php?rest_route=\/wp\/v2\/types\/post"}],"author":[{"embeddable":true,"href":"https:\/\/diarioregionaldigital.com.br\/index.php?rest_route=\/wp\/v2\/users\/96"}],"replies":[{"embeddable":true,"href":"https:\/\/diarioregionaldigital.com.br\/index.php?rest_route=%2Fwp%2Fv2%2Fcomments&post=141888"}],"version-history":[{"count":0,"href":"https:\/\/diarioregionaldigital.com.br\/index.php?rest_route=\/wp\/v2\/posts\/141888\/revisions"}],"wp:featuredmedia":[{"embeddable":true,"href":"https:\/\/diarioregionaldigital.com.br\/index.php?rest_route=\/wp\/v2\/media\/105072"}],"wp:attachment":[{"href":"https:\/\/diarioregionaldigital.com.br\/index.php?rest_route=%2Fwp%2Fv2%2Fmedia&parent=141888"}],"wp:term":[{"taxonomy":"category","embeddable":true,"href":"https:\/\/diarioregionaldigital.com.br\/index.php?rest_route=%2Fwp%2Fv2%2Fcategories&post=141888"},{"taxonomy":"post_tag","embeddable":true,"href":"https:\/\/diarioregionaldigital.com.br\/index.php?rest_route=%2Fwp%2Fv2%2Ftags&post=141888"}],"curies":[{"name":"wp","href":"https:\/\/api.w.org\/{rel}","templated":true}]}}